{"id":14406,"date":"2022-04-06T13:52:07","date_gmt":"2022-04-06T13:52:07","guid":{"rendered":"https:\/\/arroyitoonline.com.ar\/?p=14406"},"modified":"2022-04-06T13:52:09","modified_gmt":"2022-04-06T13:52:09","slug":"el-karting-de-asfalto-cordobes-homenajeo-al-fallecido-piloto-de-arroyito-facundo-almada","status":"publish","type":"post","link":"https:\/\/arroyitoonline.com.ar\/?p=14406","title":{"rendered":"El Karting de Asfalto cordob\u00e9s homenaje\u00f3 al fallecido piloto de Arroyito Facundo Almada"},"content":{"rendered":"\n<p><strong>Fue durante la primera fecha del certamen en General Cabrera. Lo reconocieron por su <em>&#8220;compa\u00f1erismo, amistad y esp\u00edritu deportivo&#8221;<\/em>.<\/strong><\/p>\n\n\n\n<p>El domingo 3 de abril, Facundo Almada fue homenajeado en la primera fecha del Campeonato de Karting de Asfalto. Durante el primer compromiso de la temporada en el certamen del sur cordob\u00e9s, con sede en General Cabrera, el piloto de Arroyito, que falleci\u00f3 de manera tr\u00e1gica en un accidente de tr\u00e1nsito, fue homenajeado por quienes lo conocieron y compartieron con \u00e9l, la competencia y la pasi\u00f3n por los fierros. <\/p>\n\n\n\n<p>En este marco, hubo momentos de gran tristeza y emoci\u00f3n, ya que las autoridades entregaron a sus padres, amigos y allegados una placa recordatoria, en la que puede leerse <em>&#8220;en memoria de Facundo Almada, por su compa\u00f1erismo, amistad y esp\u00edritu deportivo, nuestro eterno recuerdo y reconocimiento&#8221;<\/em>.<\/p>\n\n\n\n<figure><iframe loading=\"lazy\" src=\"https:\/\/www.facebook.com\/plugins\/post.php?href=https%3A%2F%2Fwww.facebook.com%2Fkartingdeasfaltocordobes%2Fposts%2F1494580290998887&amp;show_text=true&amp;width=500\" width=\"500\" height=\"756\" allowfullscreen=\"true\"><\/iframe><\/figure>\n\n\n\n<p>En el \u00faltimo tiempo, Facu compet\u00eda en el karting de asfalto, pero tambi\u00e9n recorri\u00f3 varias categor\u00edas del automovilismo cordob\u00e9s, con algunas carreras en el Zonal de los Troncos y en el karting santafesino. A lo largo de toda la transmisi\u00f3n oficial, sobre el v\u00e9rtice superior derecho, pudo leerse la frase<em> &#8220;Por siempre, Facu Almada&#8221;<\/em>. <\/p>\n\n\n\n<p>Facundo ten\u00eda 23 a\u00f1os cuando, el 20 de marzo pasado, protagoniz\u00f3 un siniestro fatal ocurrido sobre la banquina de la ruta E-52 a la altura del kil\u00f3metro 3, en el cruce con la Autov\u00eda N\u00b0 19. Almada perdi\u00f3 el control de la pickup Fiat Strada en la que andaba, la cual dio un tumbo y ocasion\u00f3 que el joven perdiera la vida de forma instant\u00e1nea.<\/p>\n\n\n\n<p>Fuente: Juli\u00e1n Taborda, para Canal 3. <\/p>\n","protected":false},"excerpt":{"rendered":"<p>Fue durante la primera fecha del certamen en General Cabrera. Lo reconocieron por su &#8220;compa\u00f1erismo, amistad y esp\u00edritu deportivo&#8221;. El&hellip;<\/p>\n","protected":false},"author":3,"featured_media":14409,"comment_status":"closed","ping_status":"open","sticky":false,"template":"","format":"standard","meta":{"footnotes":""},"categories":[3],"tags":[66,67,836,276,277,423,1311,572],"class_list":["post-14406","post","type-post","status-publish","format-standard","has-post-thumbnail","hentry","category-infodeporte","tag-arroyito","tag-arroyito-cordoba","tag-arroyito-online","tag-deporte","tag-deportes","tag-homenaje","tag-karting-de-asfalto-cordobes","tag-noticias-de-arroyito-y-zona"],"_links":{"self":[{"href":"https:\/\/arroyitoonline.com.ar\/index.php?rest_route=\/wp\/v2\/posts\/14406","targetHints":{"allow":["GET"]}}],"collection":[{"href":"https:\/\/arroyitoonline.com.ar\/index.php?rest_route=\/wp\/v2\/posts"}],"about":[{"href":"https:\/\/arroyitoonline.com.ar\/index.php?rest_route=\/wp\/v2\/types\/post"}],"author":[{"embeddable":true,"href":"https:\/\/arroyitoonline.com.ar\/index.php?rest_route=\/wp\/v2\/users\/3"}],"replies":[{"embeddable":true,"href":"https:\/\/arroyitoonline.com.ar\/index.php?rest_route=%2Fwp%2Fv2%2Fcomments&post=14406"}],"version-history":[{"count":3,"href":"https:\/\/arroyitoonline.com.ar\/index.php?rest_route=\/wp\/v2\/posts\/14406\/revisions"}],"predecessor-version":[{"id":14410,"href":"https:\/\/arroyitoonline.com.ar\/index.php?rest_route=\/wp\/v2\/posts\/14406\/revisions\/14410"}],"wp:featuredmedia":[{"embeddable":true,"href":"https:\/\/arroyitoonline.com.ar\/index.php?rest_route=\/wp\/v2\/media\/14409"}],"wp:attachment":[{"href":"https:\/\/arroyitoonline.com.ar\/index.php?rest_route=%2Fwp%2Fv2%2Fmedia&parent=14406"}],"wp:term":[{"taxonomy":"category","embeddable":true,"href":"https:\/\/arroyitoonline.com.ar\/index.php?rest_route=%2Fwp%2Fv2%2Fcategories&post=14406"},{"taxonomy":"post_tag","embeddable":true,"href":"https:\/\/arroyitoonline.com.ar\/index.php?rest_route=%2Fwp%2Fv2%2Ftags&post=14406"}],"curies":[{"name":"wp","href":"https:\/\/api.w.org\/{rel}","templated":true}]}}