{"id":14440,"date":"2022-04-14T20:52:06","date_gmt":"2022-04-14T20:52:06","guid":{"rendered":"https:\/\/arroyitoonline.com.ar\/?p=14440"},"modified":"2022-04-14T20:52:37","modified_gmt":"2022-04-14T20:52:37","slug":"mauricio-cravero-denuncio-que-le-hackearon-el-facebook","status":"publish","type":"post","link":"https:\/\/arroyitoonline.com.ar\/?p=14440","title":{"rendered":"Mauricio Cravero denunci\u00f3 que le hackearon el Facebook"},"content":{"rendered":"\n<p><strong>El concejal explic\u00f3 que es por la violaci\u00f3n de secreto y privacidad prevista en el art\u00edculo 153 y 153 bis, del C\u00f3digo Penal Argentino.<\/strong><\/p>\n\n\n\n<p>D\u00edas pasados, Mauricio Cravero se present\u00f3 en la Unidad Judicial de Arroyito, donde radic\u00f3 una denuncia penal <em>&#8220;por la violacion de secreto y privacidad prevista en el art\u00edculo 153 y 153 bis, del C\u00f3digo Penal Argentino&#8221;<\/em>, explic\u00f3 el concejal en un comunicado. <\/p>\n\n\n\n<p>Es que el 7 de abril pasado, el exintendente fue v\u00edctima del jaqueo de su cuenta de Facebook. Con id\u00e9nticas fotos de perfil y portada y el mismo nombre de usuario (Mauricio Andr\u00e9s Cravero), autores desconocidos escribieron una serie de comentarios insultantes en diversos posteos de medios de comunicaci\u00f3n y grupos. Al mismo tiempo, Cravero recibi\u00f3 una notificaci\u00f3n por mail, donde le avisaban que hab\u00edan intentado ingresar a su cuenta. <\/p>\n\n\n\n<div class=\"wp-block-image\"><figure class=\"aligncenter size-large\"><img loading=\"lazy\" decoding=\"async\" width=\"727\" height=\"1024\" src=\"https:\/\/arroyitoonline.com.ar\/wp-content\/uploads\/2022\/04\/denuncia-cravero-facebook-727x1024.jpg\" alt=\"\" class=\"wp-image-14441\" srcset=\"https:\/\/arroyitoonline.com.ar\/wp-content\/uploads\/2022\/04\/denuncia-cravero-facebook-727x1024.jpg 727w, https:\/\/arroyitoonline.com.ar\/wp-content\/uploads\/2022\/04\/denuncia-cravero-facebook-213x300.jpg 213w, https:\/\/arroyitoonline.com.ar\/wp-content\/uploads\/2022\/04\/denuncia-cravero-facebook-768x1082.jpg 768w, https:\/\/arroyitoonline.com.ar\/wp-content\/uploads\/2022\/04\/denuncia-cravero-facebook.jpg 1080w\" sizes=\"auto, (max-width: 727px) 100vw, 727px\" \/><\/figure><\/div>\n\n\n\n<p>Es por ello que, seg\u00fan le coment\u00f3 el edil radical a J\u00e9sica Jayo de Canal 3, <em>&#8220;le solicitamos a la Justicia que investigue este robo de informaci\u00f3n secreta y privada, que se utiliza para hacer cosas que no corresponden. Siento preocupaci\u00f3n de que pase esto en la ciudad. Con cualquiera que pueda pasar, uno repudia p\u00fablicamente estas cosas&#8221; <\/em>y agreg\u00f3 <em>&#8220;tambi\u00e9n est\u00e1 bueno que cuando pasa esto tomemos la decisi\u00f3n de denunciarlo. Producto de que mucha gente se escuda en la impunidad de una red social con un Facebook trucho. Que no es este caso, donde usaron mi nombre y mi apellido para hacer publicaciones donde claramente han cometido un delito&#8221;<\/em>. <\/p>\n\n\n\n<p><em>&#8220;Con la avanzada que tiene la tecnolog\u00eda en este rubro, se puede llegar a saber desde qu\u00e9 computadora sali\u00f3. Estamos convencidos y vamos a seguir aportando pruebas para que se pueda identificar al autor o los autores de este delito; que se pueda saber qui\u00e9n es para que pague las consecuencias&#8221;<\/em>, asever\u00f3 Cravero. <\/p>\n\n\n\n<figure><iframe loading=\"lazy\" src=\"https:\/\/www.facebook.com\/plugins\/post.php?href=https%3A%2F%2Fwww.facebook.com%2Fmauricioandres.cravero%2Fposts%2F8100294023330125&amp;show_text=true&amp;width=500\" width=\"500\" height=\"742\" allowfullscreen=\"true\"><\/iframe><\/figure>\n\n\n\n<p>Por \u00faltimo, inform\u00f3 que <em>&#8220;la intenci\u00f3n es perjudicarme personalmente. Le pido a la Justicia que investigue hasta el final para que se pueda dar con los autores. Y si se identificaran los autores, tambi\u00e9n que veamos si atr\u00e1s hay alg\u00fan autor intelectual para que tambi\u00e9n pague las consecuencias&#8221;<\/em>.<\/p>\n\n\n\n<p>Fuente: Facebook Mauricio Andr\u00e9s Cravero y Canal 3.<\/p>\n","protected":false},"excerpt":{"rendered":"<p>El concejal explic\u00f3 que es por la violaci\u00f3n de secreto y privacidad prevista en el art\u00edculo 153 y 153 bis,&hellip;<\/p>\n","protected":false},"author":3,"featured_media":8424,"comment_status":"closed","ping_status":"open","sticky":false,"template":"","format":"standard","meta":{"footnotes":""},"categories":[824,8],"tags":[66,67,836,891,253,273,478,527,572,635,637,638,825,640,676],"class_list":["post-14440","post","type-post","status-publish","format-standard","has-post-thumbnail","hentry","category-policiales-online","category-politica","tag-arroyito","tag-arroyito-cordoba","tag-arroyito-online","tag-concejales","tag-cravero","tag-denuncia","tag-justicia","tag-mauricio-cravero","tag-noticias-de-arroyito-y-zona","tag-policia","tag-policiales","tag-policiales-arroyito","tag-policiales-online","tag-politica","tag-redes-sociales"],"_links":{"self":[{"href":"https:\/\/arroyitoonline.com.ar\/index.php?rest_route=\/wp\/v2\/posts\/14440","targetHints":{"allow":["GET"]}}],"collection":[{"href":"https:\/\/arroyitoonline.com.ar\/index.php?rest_route=\/wp\/v2\/posts"}],"about":[{"href":"https:\/\/arroyitoonline.com.ar\/index.php?rest_route=\/wp\/v2\/types\/post"}],"author":[{"embeddable":true,"href":"https:\/\/arroyitoonline.com.ar\/index.php?rest_route=\/wp\/v2\/users\/3"}],"replies":[{"embeddable":true,"href":"https:\/\/arroyitoonline.com.ar\/index.php?rest_route=%2Fwp%2Fv2%2Fcomments&post=14440"}],"version-history":[{"count":5,"href":"https:\/\/arroyitoonline.com.ar\/index.php?rest_route=\/wp\/v2\/posts\/14440\/revisions"}],"predecessor-version":[{"id":14446,"href":"https:\/\/arroyitoonline.com.ar\/index.php?rest_route=\/wp\/v2\/posts\/14440\/revisions\/14446"}],"wp:featuredmedia":[{"embeddable":true,"href":"https:\/\/arroyitoonline.com.ar\/index.php?rest_route=\/wp\/v2\/media\/8424"}],"wp:attachment":[{"href":"https:\/\/arroyitoonline.com.ar\/index.php?rest_route=%2Fwp%2Fv2%2Fmedia&parent=14440"}],"wp:term":[{"taxonomy":"category","embeddable":true,"href":"https:\/\/arroyitoonline.com.ar\/index.php?rest_route=%2Fwp%2Fv2%2Fcategories&post=14440"},{"taxonomy":"post_tag","embeddable":true,"href":"https:\/\/arroyitoonline.com.ar\/index.php?rest_route=%2Fwp%2Fv2%2Ftags&post=14440"}],"curies":[{"name":"wp","href":"https:\/\/api.w.org\/{rel}","templated":true}]}}