{"id":14461,"date":"2022-04-28T15:01:50","date_gmt":"2022-04-28T15:01:50","guid":{"rendered":"https:\/\/arroyitoonline.com.ar\/?p=14461"},"modified":"2022-04-28T18:04:52","modified_gmt":"2022-04-28T18:04:52","slug":"emanuel-acosta-juro-como-presidente-del-colegio-de-abogados-de-arroyito-por-dos-anos-mas","status":"publish","type":"post","link":"https:\/\/arroyitoonline.com.ar\/?p=14461","title":{"rendered":"Emanuel Acosta y Marcela Maggi juraron como presidente y vice del Colegio de Abogados local, por dos a\u00f1os m\u00e1s"},"content":{"rendered":"\n<p><strong>Las elecciones no se realizaron porque se present\u00f3 una \u00fanica lista, encabezada por quien ya era presidente de la Delegaci\u00f3n<\/strong> <strong>Arroyito.<\/strong><\/p>\n\n\n\n<p>El Colegio de Abogados de la ciudad de San Francisco convoc\u00f3 a elecciones, con fecha 30 de diciembre de 2021, para la renovaci\u00f3n de autoridades de su directorio. Hicieron lo propio las Juntas Directivas de las Delegaciones de Arroyito, las Varillas y Morteros para el 18 de marzo pasado. Las listas pod\u00edan presentarse hasta el 8\/3. <\/p>\n\n\n\n<p>La convocatoria para la presentaci\u00f3n de listas a elecciones fue notificada, como marca el estatuto, a todos los abogados, tanto del departamento San Justo, como a los pertenecientes a la Delegaci\u00f3n local.<\/p>\n\n\n\n<p>Conforme lo establece el estatuto del Colegio, al presentarse una sola lista de candidatos con los avales necesarios, el acto eleccionario no se realiz\u00f3, y esta qued\u00f3 proclamada por la Junta Electoral.<\/p>\n\n\n\n<p>En Arroyito fue la &#8220;Lista 2 &#8211; Unidad Profesional&#8221;. Emanuel Acosta y Marcela Maggi quedaron ratificados como presidente y vice de la Delegaci\u00f3n local del Colegio de Abogados, continuando as\u00ed la gesti\u00f3n que vienen desarrollando desde 2019, por un per\u00edodo de dos a\u00f1os m\u00e1s.\u00a0<\/p>\n\n\n\n<p>El pasado viernes 22 de abril, en la ciudad de San Francisco,\u00a0juraron y asumieron como autoridades para el periodo 2022-2024:<\/p>\n\n\n\n<p>Presidente: Emanuel Alejandro Acosta<br>Vicepresidenta: Mar\u00eda Marcela Maggi<br>Secretario: Miguel Arturo Fern\u00e1ndez<br>Tesorera: Natalia Lescano<br>Vocales Titulares:<br>Camila Burzio<br>Heber David Bertorello<br>Vocales Suplentes:<br>Paula Luque<br>Luciano Prunesti<\/p>\n\n\n\n<p>En este marco, Acosta y Maggi agradecieron a todos sus colegas que avalaron y apoyaron la lista para su presentaci\u00f3n; manifestaron que continuar\u00e1n trabajando en la defensa de los colegiados, en los cursos capacitaci\u00f3n; como as\u00ed tambi\u00e9n en mejorar y ampliar los diferentes servicios que se prestan desde la Delegaci\u00f3n.<\/p>\n\n\n\n<p>Consolidado su proyecto de gesti\u00f3n buscar\u00e1n que la Delegaci\u00f3n genere nuevos v\u00ednculos de trabajo interdisciplinarios con las instituciones de la ciudad que est\u00e9n relacionadas con la defensa de los derechos de las personas.&nbsp;<\/p>\n","protected":false},"excerpt":{"rendered":"<p>Las elecciones no se realizaron porque se present\u00f3 una \u00fanica lista, encabezada por quien ya era presidente de la Delegaci\u00f3n&hellip;<\/p>\n","protected":false},"author":3,"featured_media":14463,"comment_status":"closed","ping_status":"open","sticky":false,"template":"","format":"standard","meta":{"footnotes":""},"categories":[900,1],"tags":[18,955,66,67,836,1046,318,1315,448,572],"class_list":["post-14461","post","type-post","status-publish","format-standard","has-post-thumbnail","hentry","category-noticias","category-uncategorized","tag-abogado","tag-acosta","tag-arroyito","tag-arroyito-cordoba","tag-arroyito-online","tag-colegio-de-abogados","tag-elecciones","tag-emanuel-acosta","tag-instituciones","tag-noticias-de-arroyito-y-zona"],"_links":{"self":[{"href":"https:\/\/arroyitoonline.com.ar\/index.php?rest_route=\/wp\/v2\/posts\/14461","targetHints":{"allow":["GET"]}}],"collection":[{"href":"https:\/\/arroyitoonline.com.ar\/index.php?rest_route=\/wp\/v2\/posts"}],"about":[{"href":"https:\/\/arroyitoonline.com.ar\/index.php?rest_route=\/wp\/v2\/types\/post"}],"author":[{"embeddable":true,"href":"https:\/\/arroyitoonline.com.ar\/index.php?rest_route=\/wp\/v2\/users\/3"}],"replies":[{"embeddable":true,"href":"https:\/\/arroyitoonline.com.ar\/index.php?rest_route=%2Fwp%2Fv2%2Fcomments&post=14461"}],"version-history":[{"count":5,"href":"https:\/\/arroyitoonline.com.ar\/index.php?rest_route=\/wp\/v2\/posts\/14461\/revisions"}],"predecessor-version":[{"id":14467,"href":"https:\/\/arroyitoonline.com.ar\/index.php?rest_route=\/wp\/v2\/posts\/14461\/revisions\/14467"}],"wp:featuredmedia":[{"embeddable":true,"href":"https:\/\/arroyitoonline.com.ar\/index.php?rest_route=\/wp\/v2\/media\/14463"}],"wp:attachment":[{"href":"https:\/\/arroyitoonline.com.ar\/index.php?rest_route=%2Fwp%2Fv2%2Fmedia&parent=14461"}],"wp:term":[{"taxonomy":"category","embeddable":true,"href":"https:\/\/arroyitoonline.com.ar\/index.php?rest_route=%2Fwp%2Fv2%2Fcategories&post=14461"},{"taxonomy":"post_tag","embeddable":true,"href":"https:\/\/arroyitoonline.com.ar\/index.php?rest_route=%2Fwp%2Fv2%2Ftags&post=14461"}],"curies":[{"name":"wp","href":"https:\/\/api.w.org\/{rel}","templated":true}]}}