{"id":14469,"date":"2022-05-03T18:43:46","date_gmt":"2022-05-03T18:43:46","guid":{"rendered":"https:\/\/arroyitoonline.com.ar\/?p=14469"},"modified":"2022-05-03T19:49:41","modified_gmt":"2022-05-03T19:49:41","slug":"nene-de-arroyito-dono-sus-ahorros-para-comprarle-anteojos-a-un-companero","status":"publish","type":"post","link":"https:\/\/arroyitoonline.com.ar\/?p=14469","title":{"rendered":"Nene de Arroyito don\u00f3 sus ahorros para comprarle anteojos nuevos a un compa\u00f1ero"},"content":{"rendered":"\n<p><strong>Joaqu\u00edn Ferace cont\u00f3 que los lentes de su amigo estaban <em>&#8220;atados con alambres&#8221;<\/em>. La campa\u00f1a es un \u00e9xito y el objetivo ya se cumpli\u00f3.<\/strong><\/p>\n\n\n\n<p>Joaqu\u00edn Ferace va a quinto grado de la Escuela Manuel Belgrano de nuestra ciudad. Hasta hace unos d\u00edas, estaba ahorrando plata para viajar a San Juan en agosto a ver a la Selecci\u00f3n Argentina de Rugby, Los Pumas. Pero, la necesidad de un compa\u00f1ero de colegio pudo m\u00e1s en su coraz\u00f3n.<\/p>\n\n\n\n<figure class=\"wp-block-embed-twitter aligncenter wp-block-embed is-type-rich is-provider-twitter\"><div class=\"wp-block-embed__wrapper\">\n<blockquote class=\"twitter-tweet\" data-width=\"550\" data-dnt=\"true\"><p lang=\"es\" dir=\"ltr\">Me ayudan a compartir? Mi hijo Joaqu\u00edn est\u00e1 juntando unos pesos para ayudar a su compa\u00f1ero Josu\u00e9 que necesita anteojos nuevos! Estaba ahorrando para ir a ver a Los Pumas a San Juan en Agosto pero prefiere usar sus ahorros en los lentes para su compa\u00f1ero! Twitter haz tu magia! <a href=\"https:\/\/t.co\/9umA0iu05p\">pic.twitter.com\/9umA0iu05p<\/a><\/p>&mdash; Viajo con 3 Sabandijas \ud83c\udde6\ud83c\uddf7\ud83c\udde7\ud83c\uddf7\ud83c\udde6\ud83c\uddf7 (@gabitocordobes) <a href=\"https:\/\/twitter.com\/gabitocordobes\/status\/1520210591465590790?ref_src=twsrc%5Etfw\">April 30, 2022<\/a><\/blockquote><script async src=\"https:\/\/platform.twitter.com\/widgets.js\" charset=\"utf-8\"><\/script>\n<\/div><\/figure>\n\n\n\n<p>Josu\u00e9 ten\u00eda unos anteojos <em>&#8220;atados con alambres&#8221;<\/em>, seg\u00fan lo cont\u00f3 el propio Joaqu\u00edn a los medios de comunicaci\u00f3n. Entonces, junto a su pap\u00e1 Gabriel, grab\u00f3 un video que colgaron en Twitter y no tard\u00f3 en viralizarse. Ah\u00ed, el nene ped\u00eda ayuda para la compra de los nuevos lentes de su amiguito. <\/p>\n\n\n\n<figure class=\"wp-block-embed-twitter aligncenter wp-block-embed is-type-rich is-provider-twitter\"><div class=\"wp-block-embed__wrapper\">\n<blockquote class=\"twitter-tweet\" data-width=\"550\" data-dnt=\"true\"><p lang=\"es\" dir=\"ltr\">Buenas noches! Queremos agradecer a las cientos de personas que colaboraron. Tenemos este monto y 15000 pesos en efectivo. Tenemos cubiertos no solo los anteojos y marcos sino otras necesidades que surgieron a partir de este disparador. Queremos cerrar el pedido de colaboraci\u00f3n+ <a href=\"https:\/\/t.co\/eDYI6HOEAZ\">pic.twitter.com\/eDYI6HOEAZ<\/a><\/p>&mdash; Viajo con 3 Sabandijas \ud83c\udde6\ud83c\uddf7\ud83c\udde7\ud83c\uddf7\ud83c\udde6\ud83c\uddf7 (@gabitocordobes) <a href=\"https:\/\/twitter.com\/gabitocordobes\/status\/1521300076907409409?ref_src=twsrc%5Etfw\">May 3, 2022<\/a><\/blockquote><script async src=\"https:\/\/platform.twitter.com\/widgets.js\" charset=\"utf-8\"><\/script>\n<\/div><\/figure>\n\n\n\n<p>Del viernes al lunes, la historia recorri\u00f3 todas las redes sociales y muchas fueron las personas que ayudaron. Tan es as\u00ed, que \u00d3ptica Moro les don\u00f3 los anteojos completos y llevan una recaudaci\u00f3n superior a los $200.000, entre transferencias a la cuenta de Mercado Pago y efectivo. Incluso recibieron una bicicleta para Josu\u00e9, el cual <em>&#8220;viene de una familia muy humilde y su mam\u00e1 est\u00e1 sin trabajo&#8221;<\/em>, explicaron. <\/p>\n\n\n\n<p>Aunque el objetivo inicial est\u00e1 cumplido, a Josu\u00e9 tienen que operarlo de la vista, lo que generar\u00e1 gastos y el ni\u00f1o tiene que ir cambiando la graduaci\u00f3n de los cristales cada tanto tiempo, por lo que el compromiso con la causa continuar\u00e1.<\/p>\n","protected":false},"excerpt":{"rendered":"<p>Joaqu\u00edn Ferace cont\u00f3 que los lentes de su amigo estaban &#8220;atados con alambres&#8221;. La campa\u00f1a es un \u00e9xito y el&hellip;<\/p>\n","protected":false},"author":3,"featured_media":14474,"comment_status":"closed","ping_status":"open","sticky":false,"template":"","format":"standard","meta":{"footnotes":""},"categories":[860],"tags":[66,67,836,346,572,706,738],"class_list":["post-14469","post","type-post","status-publish","format-standard","has-post-thumbnail","hentry","category-solidaridad-online","tag-arroyito","tag-arroyito-cordoba","tag-arroyito-online","tag-escuela-manuel-belgrano","tag-noticias-de-arroyito-y-zona","tag-salud","tag-solidaridad"],"_links":{"self":[{"href":"https:\/\/arroyitoonline.com.ar\/index.php?rest_route=\/wp\/v2\/posts\/14469","targetHints":{"allow":["GET"]}}],"collection":[{"href":"https:\/\/arroyitoonline.com.ar\/index.php?rest_route=\/wp\/v2\/posts"}],"about":[{"href":"https:\/\/arroyitoonline.com.ar\/index.php?rest_route=\/wp\/v2\/types\/post"}],"author":[{"embeddable":true,"href":"https:\/\/arroyitoonline.com.ar\/index.php?rest_route=\/wp\/v2\/users\/3"}],"replies":[{"embeddable":true,"href":"https:\/\/arroyitoonline.com.ar\/index.php?rest_route=%2Fwp%2Fv2%2Fcomments&post=14469"}],"version-history":[{"count":3,"href":"https:\/\/arroyitoonline.com.ar\/index.php?rest_route=\/wp\/v2\/posts\/14469\/revisions"}],"predecessor-version":[{"id":14475,"href":"https:\/\/arroyitoonline.com.ar\/index.php?rest_route=\/wp\/v2\/posts\/14469\/revisions\/14475"}],"wp:featuredmedia":[{"embeddable":true,"href":"https:\/\/arroyitoonline.com.ar\/index.php?rest_route=\/wp\/v2\/media\/14474"}],"wp:attachment":[{"href":"https:\/\/arroyitoonline.com.ar\/index.php?rest_route=%2Fwp%2Fv2%2Fmedia&parent=14469"}],"wp:term":[{"taxonomy":"category","embeddable":true,"href":"https:\/\/arroyitoonline.com.ar\/index.php?rest_route=%2Fwp%2Fv2%2Fcategories&post=14469"},{"taxonomy":"post_tag","embeddable":true,"href":"https:\/\/arroyitoonline.com.ar\/index.php?rest_route=%2Fwp%2Fv2%2Ftags&post=14469"}],"curies":[{"name":"wp","href":"https:\/\/api.w.org\/{rel}","templated":true}]}}