{"id":14493,"date":"2022-05-04T14:10:40","date_gmt":"2022-05-04T14:10:40","guid":{"rendered":"https:\/\/arroyitoonline.com.ar\/?p=14493"},"modified":"2022-05-04T14:10:41","modified_gmt":"2022-05-04T14:10:41","slug":"cespal-concreto-su-asamblea-general-ordinaria","status":"publish","type":"post","link":"https:\/\/arroyitoonline.com.ar\/?p=14493","title":{"rendered":"Cespal concret\u00f3 su Asamblea General Ordinaria"},"content":{"rendered":"\n<p><strong>En la oportunidad se renov\u00f3 de manera parcial el Consejo de Administraci\u00f3n y la sindicatura suplente. <\/strong><\/p>\n\n\n\n<p>El viernes 29 de abril se desarroll\u00f3 la\u00a0Asamblea\u00a0General\u00a0Ordinaria\u00a0de Cespal, en el Sal\u00f3n del Club de Abuelos de Arroyito. En la oportunidad, se trataron los temas expuestos en el orden del d\u00eda:<\/p>\n\n\n\n<p>Se consider\u00f3 y aprob\u00f3 por unanimidad de los delegados presentes la Memoria, el Estado de Situaci\u00f3n Patrimonial, el Estado de Resultados, Cuadros Anexos y Proyecto Distribuci\u00f3n del Excedente correspondientes al Ejercicio Econ\u00f3mico N\u00b0 66 cerrado el 31 de diciembre de 2021; adem\u00e1s de los informes del auditor y del s\u00edndico.<\/p>\n\n\n\n<p>Tambi\u00e9n se realiz\u00f3 la renovaci\u00f3n parcial del Consejo de Administraci\u00f3n quedando oficializados como consejeros Titulares: Viviana Irma Romero, por el Distrito 1; Miguel \u00c1ngel Fontana, por el Distrito 6, y Federico Antonio Cuberes, por el Distrito 7.<\/p>\n\n\n\n<p>Y como consejeros Suplentes: Juan Carlos Baez, por el Distrito 3; \u00c1ngel Eduardo Gim\u00e9nez, por el Distrito 4, y Mauricio Gabriel Cerutti, por el Distrito 9.<\/p>\n\n\n\n<p>De igual manera, se renov\u00f3 la sindicatura suplente siendo designado en el cargo Juan Alejandro Ludue\u00f1a. <\/p>\n","protected":false},"excerpt":{"rendered":"<p>En la oportunidad se renov\u00f3 de manera parcial el Consejo de Administraci\u00f3n y la sindicatura suplente. El viernes 29 de&hellip;<\/p>\n","protected":false},"author":3,"featured_media":14494,"comment_status":"closed","ping_status":"open","sticky":false,"template":"","format":"standard","meta":{"footnotes":""},"categories":[999],"tags":[66,67,836,74,183,240,241,572],"class_list":["post-14493","post","type-post","status-publish","format-standard","has-post-thumbnail","hentry","category-cooperativismo","tag-arroyito","tag-arroyito-cordoba","tag-arroyito-online","tag-asamblea","tag-cespal","tag-cooperativa","tag-cooperativismo","tag-noticias-de-arroyito-y-zona"],"_links":{"self":[{"href":"https:\/\/arroyitoonline.com.ar\/index.php?rest_route=\/wp\/v2\/posts\/14493","targetHints":{"allow":["GET"]}}],"collection":[{"href":"https:\/\/arroyitoonline.com.ar\/index.php?rest_route=\/wp\/v2\/posts"}],"about":[{"href":"https:\/\/arroyitoonline.com.ar\/index.php?rest_route=\/wp\/v2\/types\/post"}],"author":[{"embeddable":true,"href":"https:\/\/arroyitoonline.com.ar\/index.php?rest_route=\/wp\/v2\/users\/3"}],"replies":[{"embeddable":true,"href":"https:\/\/arroyitoonline.com.ar\/index.php?rest_route=%2Fwp%2Fv2%2Fcomments&post=14493"}],"version-history":[{"count":1,"href":"https:\/\/arroyitoonline.com.ar\/index.php?rest_route=\/wp\/v2\/posts\/14493\/revisions"}],"predecessor-version":[{"id":14495,"href":"https:\/\/arroyitoonline.com.ar\/index.php?rest_route=\/wp\/v2\/posts\/14493\/revisions\/14495"}],"wp:featuredmedia":[{"embeddable":true,"href":"https:\/\/arroyitoonline.com.ar\/index.php?rest_route=\/wp\/v2\/media\/14494"}],"wp:attachment":[{"href":"https:\/\/arroyitoonline.com.ar\/index.php?rest_route=%2Fwp%2Fv2%2Fmedia&parent=14493"}],"wp:term":[{"taxonomy":"category","embeddable":true,"href":"https:\/\/arroyitoonline.com.ar\/index.php?rest_route=%2Fwp%2Fv2%2Fcategories&post=14493"},{"taxonomy":"post_tag","embeddable":true,"href":"https:\/\/arroyitoonline.com.ar\/index.php?rest_route=%2Fwp%2Fv2%2Ftags&post=14493"}],"curies":[{"name":"wp","href":"https:\/\/api.w.org\/{rel}","templated":true}]}}