{"id":14501,"date":"2022-05-12T14:46:38","date_gmt":"2022-05-12T14:46:38","guid":{"rendered":"https:\/\/arroyitoonline.com.ar\/?p=14501"},"modified":"2022-05-12T14:51:03","modified_gmt":"2022-05-12T14:51:03","slug":"cespal-y-benedetti-se-reunieron-por-las-conexiones-domiciliarias-de-las-cloacas-del-sur","status":"publish","type":"post","link":"https:\/\/arroyitoonline.com.ar\/?p=14501","title":{"rendered":"Cespal y Benedetti se reunieron por las conexiones domiciliarias de las cloacas del sur"},"content":{"rendered":"\n<p><strong>Tambi\u00e9n hablaron sobre otros temas en los que ambas instituciones est\u00e1n trabajando de manera mancomunada.<\/strong><\/p>\n\n\n\n<p>D\u00edas pasados, el intendente Gustavo Benedetti particip\u00f3 de una reuni\u00f3n junto al Consejo de Administraci\u00f3n de la Cooperativa de Electricidad y Servicios P\u00fablicos de Arroyito Limitada.<\/p>\n\n\n\n<p>En ese encuentro, Benedetti y la presidenta de la Cespal, Viviana Romero, dialogaron y avanzaron sobre distintas cuestiones en las que vienen trabajando, haciendo hincapi\u00e9 en las conexiones domiciliarias de las cloacas del sector sur.<\/p>\n\n\n\n<p>Adem\u00e1s, hablaron sobre otros temas en los que ambas instituciones est\u00e1n trabajando de manera mancomunada.<\/p>\n\n\n\n<p>En la reuni\u00f3n, el primer mandatario local estuvo acompa\u00f1ado de su equipo de secretarios y concejales. Tambi\u00e9n participaron miembros del Consejo de Administraci\u00f3n de Cespal.<\/p>\n\n\n\n<p>Las dos entidades siguen trabajando de forma comprometida para poner en marcha las cloacas del sur.<\/p>\n","protected":false},"excerpt":{"rendered":"<p>Tambi\u00e9n hablaron sobre otros temas en los que ambas instituciones est\u00e1n trabajando de manera mancomunada. D\u00edas pasados, el intendente Gustavo&hellip;<\/p>\n","protected":false},"author":3,"featured_media":14505,"comment_status":"closed","ping_status":"open","sticky":false,"template":"","format":"standard","meta":{"footnotes":""},"categories":[879],"tags":[66,67,836,183,205,240,555,556,572,578,720,731,732],"class_list":["post-14501","post","type-post","status-publish","format-standard","has-post-thumbnail","hentry","category-servicios-publicos","tag-arroyito","tag-arroyito-cordoba","tag-arroyito-online","tag-cespal","tag-cloacas","tag-cooperativa","tag-municipalidad","tag-municipalidad-de-arroyito","tag-noticias-de-arroyito-y-zona","tag-obras-publicas","tag-sector-sur","tag-servicios","tag-servicios-publicos"],"_links":{"self":[{"href":"https:\/\/arroyitoonline.com.ar\/index.php?rest_route=\/wp\/v2\/posts\/14501","targetHints":{"allow":["GET"]}}],"collection":[{"href":"https:\/\/arroyitoonline.com.ar\/index.php?rest_route=\/wp\/v2\/posts"}],"about":[{"href":"https:\/\/arroyitoonline.com.ar\/index.php?rest_route=\/wp\/v2\/types\/post"}],"author":[{"embeddable":true,"href":"https:\/\/arroyitoonline.com.ar\/index.php?rest_route=\/wp\/v2\/users\/3"}],"replies":[{"embeddable":true,"href":"https:\/\/arroyitoonline.com.ar\/index.php?rest_route=%2Fwp%2Fv2%2Fcomments&post=14501"}],"version-history":[{"count":2,"href":"https:\/\/arroyitoonline.com.ar\/index.php?rest_route=\/wp\/v2\/posts\/14501\/revisions"}],"predecessor-version":[{"id":14504,"href":"https:\/\/arroyitoonline.com.ar\/index.php?rest_route=\/wp\/v2\/posts\/14501\/revisions\/14504"}],"wp:featuredmedia":[{"embeddable":true,"href":"https:\/\/arroyitoonline.com.ar\/index.php?rest_route=\/wp\/v2\/media\/14505"}],"wp:attachment":[{"href":"https:\/\/arroyitoonline.com.ar\/index.php?rest_route=%2Fwp%2Fv2%2Fmedia&parent=14501"}],"wp:term":[{"taxonomy":"category","embeddable":true,"href":"https:\/\/arroyitoonline.com.ar\/index.php?rest_route=%2Fwp%2Fv2%2Fcategories&post=14501"},{"taxonomy":"post_tag","embeddable":true,"href":"https:\/\/arroyitoonline.com.ar\/index.php?rest_route=%2Fwp%2Fv2%2Ftags&post=14501"}],"curies":[{"name":"wp","href":"https:\/\/api.w.org\/{rel}","templated":true}]}}