{"id":14513,"date":"2022-05-24T14:39:26","date_gmt":"2022-05-24T14:39:26","guid":{"rendered":"https:\/\/arroyitoonline.com.ar\/?p=14513"},"modified":"2022-05-24T14:39:27","modified_gmt":"2022-05-24T14:39:27","slug":"abren-una-convocatoria-publica-nacional-para-adoptar-una-nina-con-discapacidad","status":"publish","type":"post","link":"https:\/\/arroyitoonline.com.ar\/?p=14513","title":{"rendered":"Abren una convocatoria p\u00fablica nacional para adoptar una ni\u00f1a con discapacidad"},"content":{"rendered":"\n<p><strong>Tiene 10 a\u00f1os y est\u00e1 resguardada en una instituci\u00f3n desde 2019. Desea contar con una familia que d\u00e9 respuesta a sus necesidades.<\/strong><\/p>\n\n\n\n<p>El Registro \u00danico de Adopci\u00f3n de C\u00f3rdoba, en virtud de lo dispuesto por el Juzgado de Competencia M\u00faltiple de nuestra ciudad, convoca a todas aquellas personas o familias de cualquier lugar del pa\u00eds que se encuentren en condiciones de adoptar a una ni\u00f1a de 10 a\u00f1os.<\/p>\n\n\n\n<p>En la actualidad, ella permanece resguardada en un \u00e1mbito institucional desde al a\u00f1o 2019 y tiene el deseo contar con una familia que d\u00e9 respuesta a sus necesidades emocionales, educativas y de cuidado. Se encuentra escolarizada en un establecimiento com\u00fan, con adaptaciones curriculares; presenta certificado \u00fanico de discapacidad.<\/p>\n\n\n\n<p>La familia o la persona que se sienta con capacidad de asumir el cuidado y contenci\u00f3n de la ni\u00f1a debe acompa\u00f1arla en sus necesidades e intereses (pintar&nbsp;<em>mandalas<\/em>, jugar a las cartas, entre otros). Ella requiere de una familia que colabore en la contenci\u00f3n de sus emociones y conductas; y que propicie el desarrollo de sus habilidades personales para as\u00ed generar capacidades socio-afectivas. Es importante mencionar que esta convocatoria se encuentra dirigida a personas o familias de cualquier jurisdicci\u00f3n del pa\u00eds.<\/p>\n\n\n\n<p>Quienes decidan postularse y asumir el compromiso de ofrecer un entorno familiar de afecto y protecci\u00f3n y brindar el acompa\u00f1amiento y los cuidados que la ni\u00f1a necesita, deber\u00e1n escribir a la casilla de correo electr\u00f3nico\u00a0<a href=\"mailto:convocatoriasadopcion@justiciacordoba.gob.ar\">convocatoriasadopcion@justiciacordoba.gob.ar<\/a>, o bien, contactarse con el juzgado al tel\u00e9fono (03576) 428500, interno 51102, de lunes a viernes (d\u00edas h\u00e1biles) de 8:00 a 14:00 horas.<\/p>\n","protected":false},"excerpt":{"rendered":"<p>Tiene 10 a\u00f1os y est\u00e1 resguardada en una instituci\u00f3n desde 2019. Desea contar con una familia que d\u00e9 respuesta a&hellip;<\/p>\n","protected":false},"author":3,"featured_media":14514,"comment_status":"closed","ping_status":"open","sticky":false,"template":"","format":"standard","meta":{"footnotes":""},"categories":[1097],"tags":[1317,66,67,836,244,296,478,570,572],"class_list":["post-14513","post","type-post","status-publish","format-standard","has-post-thumbnail","hentry","category-discapacidad","tag-adopcion","tag-arroyito","tag-arroyito-cordoba","tag-arroyito-online","tag-cordoba","tag-discapacidad","tag-justicia","tag-ninez","tag-noticias-de-arroyito-y-zona"],"_links":{"self":[{"href":"https:\/\/arroyitoonline.com.ar\/index.php?rest_route=\/wp\/v2\/posts\/14513","targetHints":{"allow":["GET"]}}],"collection":[{"href":"https:\/\/arroyitoonline.com.ar\/index.php?rest_route=\/wp\/v2\/posts"}],"about":[{"href":"https:\/\/arroyitoonline.com.ar\/index.php?rest_route=\/wp\/v2\/types\/post"}],"author":[{"embeddable":true,"href":"https:\/\/arroyitoonline.com.ar\/index.php?rest_route=\/wp\/v2\/users\/3"}],"replies":[{"embeddable":true,"href":"https:\/\/arroyitoonline.com.ar\/index.php?rest_route=%2Fwp%2Fv2%2Fcomments&post=14513"}],"version-history":[{"count":1,"href":"https:\/\/arroyitoonline.com.ar\/index.php?rest_route=\/wp\/v2\/posts\/14513\/revisions"}],"predecessor-version":[{"id":14515,"href":"https:\/\/arroyitoonline.com.ar\/index.php?rest_route=\/wp\/v2\/posts\/14513\/revisions\/14515"}],"wp:featuredmedia":[{"embeddable":true,"href":"https:\/\/arroyitoonline.com.ar\/index.php?rest_route=\/wp\/v2\/media\/14514"}],"wp:attachment":[{"href":"https:\/\/arroyitoonline.com.ar\/index.php?rest_route=%2Fwp%2Fv2%2Fmedia&parent=14513"}],"wp:term":[{"taxonomy":"category","embeddable":true,"href":"https:\/\/arroyitoonline.com.ar\/index.php?rest_route=%2Fwp%2Fv2%2Fcategories&post=14513"},{"taxonomy":"post_tag","embeddable":true,"href":"https:\/\/arroyitoonline.com.ar\/index.php?rest_route=%2Fwp%2Fv2%2Ftags&post=14513"}],"curies":[{"name":"wp","href":"https:\/\/api.w.org\/{rel}","templated":true}]}}