{"id":14537,"date":"2022-06-08T14:04:35","date_gmt":"2022-06-08T14:04:35","guid":{"rendered":"https:\/\/arroyitoonline.com.ar\/?p=14537"},"modified":"2022-06-08T14:04:37","modified_gmt":"2022-06-08T14:04:37","slug":"dos-jovenes-sufrieron-lesiones-graves-en-distintos-accidentes-de-transito","status":"publish","type":"post","link":"https:\/\/arroyitoonline.com.ar\/?p=14537","title":{"rendered":"Dos j\u00f3venes sufrieron lesiones graves en distintos accidentes de tr\u00e1nsito"},"content":{"rendered":"\n<p><strong>Un auto choc\u00f3 con una moto y result\u00f3 herido el motociclista. En el segundo caso, un veh\u00edculo desconocido roz\u00f3 el brazo de una mujer que cay\u00f3 a la carpeta asf\u00e1ltica.<\/strong><\/p>\n\n\n\n<p>A las 18:15 horas de este lunes 6, la Polic\u00eda tom\u00f3 conocimiento de un accidente de tr\u00e1nsito ocurrido momentos antes. El siniestro estuvo protagonizado por un Renault Logan de color gris que era conducido por un joven de 27 a\u00f1os.<\/p>\n\n\n\n<p>Por causas que tratan de establecerse, cuando lleg\u00f3 a la intersecci\u00f3n de Osvaldo Navarro y Obispo Trejo, el auto colision\u00f3 con una moto Honda Twister de color rojo guiada por otro joven de 28 a\u00f1os. Producto del impacto, el conductor del rodado menor fue trasladado al hospital local sufriendo lesiones de car\u00e1cter grave.<\/p>\n\n\n\n<p>Por su parte, a las 20:30 horas, se registr\u00f3 otro accidente de tr\u00e1nsito en el kil\u00f3metro 220 de la Ruta Nacional N\u00b0 19. Este \u00faltimo involucr\u00f3 un veh\u00edculo que no se encontraba en el lugar y del cual no se pudieron aportar datos.<\/p>\n\n\n\n<p>Por causas que se investigan, este rodado desconocido roz\u00f3 el brazo de una joven de 25 a\u00f1os que circulaba a bordo de una bicicleta; producto de lo cual, la ciclista perdi\u00f3 el equilibrio y cay\u00f3 a la carpeta asf\u00e1ltica.<\/p>\n\n\n\n<p>La mujer fue trasladada al nosocomio de Arroyito, donde le diagnosticaron lesiones de car\u00e1cter grave. Intervino Fiscal\u00eda de Instrucci\u00f3n de Arroyito.<\/p>\n\n\n\n<p>Fuente: secci\u00f3n Prensa UR Departamental San Justo.<\/p>\n","protected":false},"excerpt":{"rendered":"<p>Un auto choc\u00f3 con una moto y result\u00f3 herido el motociclista. En el segundo caso, un veh\u00edculo desconocido roz\u00f3 el&hellip;<\/p>\n","protected":false},"author":3,"featured_media":8868,"comment_status":"closed","ping_status":"open","sticky":false,"template":"","format":"standard","meta":{"footnotes":""},"categories":[824],"tags":[22,23,66,67,836,191,875,1086,547,572,637,638,825,698,701,737],"class_list":["post-14537","post","type-post","status-publish","format-standard","has-post-thumbnail","hentry","category-policiales-online","tag-accidente","tag-accidentes","tag-arroyito","tag-arroyito-cordoba","tag-arroyito-online","tag-choque","tag-jovenes-2","tag-moto","tag-motos","tag-noticias-de-arroyito-y-zona","tag-policiales","tag-policiales-arroyito","tag-policiales-online","tag-ruta-19","tag-ruta-nacional-n-19","tag-siniestro-vial"],"_links":{"self":[{"href":"https:\/\/arroyitoonline.com.ar\/index.php?rest_route=\/wp\/v2\/posts\/14537","targetHints":{"allow":["GET"]}}],"collection":[{"href":"https:\/\/arroyitoonline.com.ar\/index.php?rest_route=\/wp\/v2\/posts"}],"about":[{"href":"https:\/\/arroyitoonline.com.ar\/index.php?rest_route=\/wp\/v2\/types\/post"}],"author":[{"embeddable":true,"href":"https:\/\/arroyitoonline.com.ar\/index.php?rest_route=\/wp\/v2\/users\/3"}],"replies":[{"embeddable":true,"href":"https:\/\/arroyitoonline.com.ar\/index.php?rest_route=%2Fwp%2Fv2%2Fcomments&post=14537"}],"version-history":[{"count":1,"href":"https:\/\/arroyitoonline.com.ar\/index.php?rest_route=\/wp\/v2\/posts\/14537\/revisions"}],"predecessor-version":[{"id":14538,"href":"https:\/\/arroyitoonline.com.ar\/index.php?rest_route=\/wp\/v2\/posts\/14537\/revisions\/14538"}],"wp:featuredmedia":[{"embeddable":true,"href":"https:\/\/arroyitoonline.com.ar\/index.php?rest_route=\/wp\/v2\/media\/8868"}],"wp:attachment":[{"href":"https:\/\/arroyitoonline.com.ar\/index.php?rest_route=%2Fwp%2Fv2%2Fmedia&parent=14537"}],"wp:term":[{"taxonomy":"category","embeddable":true,"href":"https:\/\/arroyitoonline.com.ar\/index.php?rest_route=%2Fwp%2Fv2%2Fcategories&post=14537"},{"taxonomy":"post_tag","embeddable":true,"href":"https:\/\/arroyitoonline.com.ar\/index.php?rest_route=%2Fwp%2Fv2%2Ftags&post=14537"}],"curies":[{"name":"wp","href":"https:\/\/api.w.org\/{rel}","templated":true}]}}