{"id":14548,"date":"2022-06-15T14:43:20","date_gmt":"2022-06-15T14:43:20","guid":{"rendered":"https:\/\/arroyitoonline.com.ar\/?p=14548"},"modified":"2022-06-15T14:43:21","modified_gmt":"2022-06-15T14:43:21","slug":"concejo-deliberante-hoy-sera-la-audiencia-publica-para-la-ampliacion-de-la-red-de-gas-natural","status":"publish","type":"post","link":"https:\/\/arroyitoonline.com.ar\/?p=14548","title":{"rendered":"Concejo Deliberante: hoy ser\u00e1 la audiencia p\u00fablica para la ampliaci\u00f3n de la red de gas natural"},"content":{"rendered":"\n<p><strong>Se espera que asistan vecinos para brindar sus puntos de vista sobre el tema. Luego, volver\u00e1 al recinto para su aprobaci\u00f3n o rechazo.<\/strong><\/p>\n\n\n\n<p>Hoy mi\u00e9rcoles 15 de junio a las 20:00 horas (con tolerancia), en la sala del Concejo Deliberante, ser\u00e1 la audiencia p\u00fablica del proyecto de ordenanza: <em><a href=\"\/Users\/Usuario\/Downloads\/Proy.%20de%20Ord.%20Ampliaci%C3%B3n%20de%20la%20red%20de%20gas%20natural.pdf\" target=\"_blank\" rel=\"noreferrer noopener\">&#8220;Autorizaci\u00f3n a suscribir contrato de adjudicaci\u00f3n de ampliaci\u00f3n de la red de gas natural entre el Departamento Ejecutivo Municipal y la Cooperativa de Electricidad y Servicios P\u00fablicos de Arroyito Limitada&#8221;<\/a><\/em>.<\/p>\n\n\n\n<figure class=\"wp-block-embed-wordpress aligncenter wp-block-embed is-type-wp-embed is-provider-arroyito-online\"><div class=\"wp-block-embed__wrapper\">\nhttps:\/\/arroyitoonline.com.ar\/servicios-publicos\/el-intendente-y-la-presidenta-de-cespal-le-pidieron-a-concejales-que-aprueben-de-manera-urgente-el-proyecto-del-gas\/\n<\/div><\/figure>\n\n\n\n<p>D\u00edas pasados, el Ejecutivo Municipal junto al Bloque Oficialista, solicitaron a todo el cuerpo legislativo <em>&#8220;que se apruebe de manera inmediata el proyecto de gas para poner fin a tantos a\u00f1os de ausencia de este servicio, sobre todo en el sector sur de la ciudad, siempre respetando los procesos legales, pero nunca olvidando la necesidad de los vecinos que carecen de este suministro, lo cual impacta de manera directa en su calidad de vida&#8221;<\/em>.<\/p>\n\n\n\n<p>Se espera que a esta audiencia concurran vecinos que necesitan la provisi\u00f3n del gas natural, para manifestar sus puntos de vista al respecto del proyecto. Luego de esta instancia, el tema volver\u00e1 al recinto para la segunda lectura y posterior aprobaci\u00f3n o rechazo por parte de los ediles. <\/p>\n","protected":false},"excerpt":{"rendered":"<p>Se espera que asistan vecinos para brindar sus puntos de vista sobre el tema. Luego, volver\u00e1 al recinto para su&hellip;<\/p>\n","protected":false},"author":3,"featured_media":5591,"comment_status":"closed","ping_status":"open","sticky":false,"template":"","format":"standard","meta":{"footnotes":""},"categories":[920,879],"tags":[66,67,836,183,891,226,227,396,397,1102,556,572,1318],"class_list":["post-14548","post","type-post","status-publish","format-standard","has-post-thumbnail","hentry","category-concejo-deliberante-online","category-servicios-publicos","tag-arroyito","tag-arroyito-cordoba","tag-arroyito-online","tag-cespal","tag-concejales","tag-concejo","tag-concejo-deliberante","tag-gas","tag-gas-natural","tag-gobierno-municipal","tag-municipalidad-de-arroyito","tag-noticias-de-arroyito-y-zona","tag-ordenanza"],"_links":{"self":[{"href":"https:\/\/arroyitoonline.com.ar\/index.php?rest_route=\/wp\/v2\/posts\/14548","targetHints":{"allow":["GET"]}}],"collection":[{"href":"https:\/\/arroyitoonline.com.ar\/index.php?rest_route=\/wp\/v2\/posts"}],"about":[{"href":"https:\/\/arroyitoonline.com.ar\/index.php?rest_route=\/wp\/v2\/types\/post"}],"author":[{"embeddable":true,"href":"https:\/\/arroyitoonline.com.ar\/index.php?rest_route=\/wp\/v2\/users\/3"}],"replies":[{"embeddable":true,"href":"https:\/\/arroyitoonline.com.ar\/index.php?rest_route=%2Fwp%2Fv2%2Fcomments&post=14548"}],"version-history":[{"count":1,"href":"https:\/\/arroyitoonline.com.ar\/index.php?rest_route=\/wp\/v2\/posts\/14548\/revisions"}],"predecessor-version":[{"id":14549,"href":"https:\/\/arroyitoonline.com.ar\/index.php?rest_route=\/wp\/v2\/posts\/14548\/revisions\/14549"}],"wp:featuredmedia":[{"embeddable":true,"href":"https:\/\/arroyitoonline.com.ar\/index.php?rest_route=\/wp\/v2\/media\/5591"}],"wp:attachment":[{"href":"https:\/\/arroyitoonline.com.ar\/index.php?rest_route=%2Fwp%2Fv2%2Fmedia&parent=14548"}],"wp:term":[{"taxonomy":"category","embeddable":true,"href":"https:\/\/arroyitoonline.com.ar\/index.php?rest_route=%2Fwp%2Fv2%2Fcategories&post=14548"},{"taxonomy":"post_tag","embeddable":true,"href":"https:\/\/arroyitoonline.com.ar\/index.php?rest_route=%2Fwp%2Fv2%2Ftags&post=14548"}],"curies":[{"name":"wp","href":"https:\/\/api.w.org\/{rel}","templated":true}]}}