{"id":14568,"date":"2022-06-23T14:48:10","date_gmt":"2022-06-23T14:48:10","guid":{"rendered":"https:\/\/arroyitoonline.com.ar\/?p=14568"},"modified":"2022-06-23T14:49:56","modified_gmt":"2022-06-23T14:49:56","slug":"el-periodismo-de-luto-a-los-63-anos-murio-osvaldo-soria","status":"publish","type":"post","link":"https:\/\/arroyitoonline.com.ar\/?p=14568","title":{"rendered":"El periodismo de luto: a los 63 a\u00f1os, muri\u00f3 Osvaldo Soria"},"content":{"rendered":"\n<p><strong>Su paso por Arroyito como conductor de radio, animador y cronista dej\u00f3 una huella imborrable en los medios de comunicaci\u00f3n y la comunidad.<\/strong><\/p>\n\n\n\n<p>El incansable periodista oriundo de Villa Mar\u00eda dej\u00f3 de existir hace unas horas, cuando sufri\u00f3 un paro card\u00edaco en su casa de la ciudad de San Francisco.<\/p>\n\n\n\n<p>Osvaldo Soria ten\u00eda 63 a\u00f1os y se desempe\u00f1aba en&nbsp;La Voz de San Justo,&nbsp;AM 1050 Radio San Francisco&nbsp;y&nbsp;Cadena 3. Su especialidad eran los policiales y supo estar en el lugar de los hechos cada vez que la noticia lo requiri\u00f3, con un estilo que transform\u00f3 en marca registrada.<\/p>\n\n\n\n<p>Seg\u00fan lo informaron desde La Voz de San Justo, sus restos ser\u00e1n velados este jueves 23, de 7:00 a 10:00 horas, en la empresa Rosso Hnos., de la capital departamental.<\/p>\n\n\n\n<p>Su paso por Arroyito como conductor de radio, animador y cronista dej\u00f3 una huella imborrable en los medios de comunicaci\u00f3n y la comunidad, un sinf\u00edn de an\u00e9cdotas y el profundo dolor que se siente ante su p\u00e9rdida.<\/p>\n\n\n\n<p>Quienes hacemos\u00a0Arroyito Online,\u00a0Natalia Marchisoney\u00a0y Pablo Tucu Sosa, lamentamos el deceso de Osvaldo y enviamos nuestras condolencias a sus familiares, allegados y compa\u00f1eros de trabajo. Creemos con firmeza que, con su partida, culmina una era en el periodismo de la regi\u00f3n. El que deja ser\u00e1 un vac\u00edo imposible de llenar.<\/p>\n\n\n\n<p>Foto: Bomberos San Francisco.<\/p>\n","protected":false},"excerpt":{"rendered":"<p>Su paso por Arroyito como conductor de radio, animador y cronista dej\u00f3 una huella imborrable en los medios de comunicaci\u00f3n&hellip;<\/p>\n","protected":false},"author":3,"featured_media":14569,"comment_status":"closed","ping_status":"open","sticky":false,"template":"","format":"standard","meta":{"footnotes":""},"categories":[900],"tags":[66,67,836,548,572,613,710],"class_list":["post-14568","post","type-post","status-publish","format-standard","has-post-thumbnail","hentry","category-noticias","tag-arroyito","tag-arroyito-cordoba","tag-arroyito-online","tag-muerte","tag-noticias-de-arroyito-y-zona","tag-periodista","tag-san-francisco"],"_links":{"self":[{"href":"https:\/\/arroyitoonline.com.ar\/index.php?rest_route=\/wp\/v2\/posts\/14568","targetHints":{"allow":["GET"]}}],"collection":[{"href":"https:\/\/arroyitoonline.com.ar\/index.php?rest_route=\/wp\/v2\/posts"}],"about":[{"href":"https:\/\/arroyitoonline.com.ar\/index.php?rest_route=\/wp\/v2\/types\/post"}],"author":[{"embeddable":true,"href":"https:\/\/arroyitoonline.com.ar\/index.php?rest_route=\/wp\/v2\/users\/3"}],"replies":[{"embeddable":true,"href":"https:\/\/arroyitoonline.com.ar\/index.php?rest_route=%2Fwp%2Fv2%2Fcomments&post=14568"}],"version-history":[{"count":2,"href":"https:\/\/arroyitoonline.com.ar\/index.php?rest_route=\/wp\/v2\/posts\/14568\/revisions"}],"predecessor-version":[{"id":14571,"href":"https:\/\/arroyitoonline.com.ar\/index.php?rest_route=\/wp\/v2\/posts\/14568\/revisions\/14571"}],"wp:featuredmedia":[{"embeddable":true,"href":"https:\/\/arroyitoonline.com.ar\/index.php?rest_route=\/wp\/v2\/media\/14569"}],"wp:attachment":[{"href":"https:\/\/arroyitoonline.com.ar\/index.php?rest_route=%2Fwp%2Fv2%2Fmedia&parent=14568"}],"wp:term":[{"taxonomy":"category","embeddable":true,"href":"https:\/\/arroyitoonline.com.ar\/index.php?rest_route=%2Fwp%2Fv2%2Fcategories&post=14568"},{"taxonomy":"post_tag","embeddable":true,"href":"https:\/\/arroyitoonline.com.ar\/index.php?rest_route=%2Fwp%2Fv2%2Ftags&post=14568"}],"curies":[{"name":"wp","href":"https:\/\/api.w.org\/{rel}","templated":true}]}}