{"id":14572,"date":"2022-06-24T14:07:31","date_gmt":"2022-06-24T14:07:31","guid":{"rendered":"https:\/\/arroyitoonline.com.ar\/?p=14572"},"modified":"2022-06-24T14:07:33","modified_gmt":"2022-06-24T14:07:33","slug":"de-la-mano-de-fundacion-arcor-arroyito-tendra-la-primera-plaza-blanda-de-la-region","status":"publish","type":"post","link":"https:\/\/arroyitoonline.com.ar\/?p=14572","title":{"rendered":"De la mano de Fundaci\u00f3n Arcor, Arroyito tendr\u00e1 la primera plaza blanda de la regi\u00f3n"},"content":{"rendered":"\n<p><strong>En el marco del su 30\u00b0 Aniversario, la entidad dona el mobiliario para la materializaci\u00f3n de este espacio destinado a ni\u00f1os de hasta seis a\u00f1os. <\/strong><\/p>\n\n\n\n<p>Ayer, el intendente Benedetti y la presidenta de Fundaci\u00f3n Arcor, Laura Pagani, firmaron el convenio para la creaci\u00f3n de la primera Plaza Blanda, de las 10 que har\u00e1 la instituci\u00f3n en todo el pa\u00eds, m\u00e1s una en Chile y otra en Brasil; en el marco del 30\u00b0 Aniversario de la entidad ligada a la multinacional.<\/p>\n\n\n\n<p>En sus palabras,\u00a0Pagani expres\u00f3 que cuando surgi\u00f3 la idea de crear las plazas blandas no dud\u00f3 en que Arroyito fuera la primera ciudad donde materializar el proyecto, De los 10 espacios para la primera infancia que se concretar\u00e1n, dos se encontrar\u00e1n en la provincia de C\u00f3rdoba. <\/p>\n\n\n\n<p>Por su parte, Benedetti agradeci\u00f3 la presencia y esta apuesta que Fundaci\u00f3n Arcor hace en infancia, que forma parte de un arduo trabajo que esta gesti\u00f3n potenci\u00f3 junto a esa instituci\u00f3n<strong>. En sus palabras, el primer mandatario local destac\u00f3 lo importante que va a ser que todos los vecinos cuidemos y resguardemos este espacio que ser\u00e1 destinado para los ni\u00f1os y las ni\u00f1as de dos a seis a\u00f1os. <\/strong><\/p>\n\n\n\n<p>Finalizado el acto de firma, la comitiva se dirigi\u00f3 hacia el Parque Serra, que colinda con el Parque Romero, sobre Av. Dalle Mura, lugar elegido para que se construya esta primera plaza blanda del departamento San Justo.<\/p>\n\n\n\n<p>En los pr\u00f3ximos d\u00edas se iniciar\u00e1n los trabajos que ser\u00e1n supervisados por el personal de Obras P\u00fablicas. Fundaci\u00f3n dona el mobiliario y el Municipio realiza la colocaci\u00f3n y toda la infraestructura necesaria, iluminaci\u00f3n, y detalles de construcci\u00f3n.\u00a0<strong>Se calcula que la inauguraci\u00f3n ser\u00e1 durante el mes de agosto, en el marco del Mes de las Infancias.<\/strong><\/p>\n","protected":false},"excerpt":{"rendered":"<p>En el marco del su 30\u00b0 Aniversario, la entidad dona el mobiliario para la materializaci\u00f3n de este espacio destinado a&hellip;<\/p>\n","protected":false},"author":3,"featured_media":14573,"comment_status":"closed","ping_status":"open","sticky":false,"template":"","format":"standard","meta":{"footnotes":""},"categories":[962,1044],"tags":[66,67,836,115,391,1102,968,556,570,572,578,1320,630],"class_list":["post-14572","post","type-post","status-publish","format-standard","has-post-thumbnail","hentry","category-ninez-y-adolescencia","category-obras-publicas","tag-arroyito","tag-arroyito-cordoba","tag-arroyito-online","tag-benedetti","tag-fundacion-arcor","tag-gobierno-municipal","tag-gustavo-benedetti","tag-municipalidad-de-arroyito","tag-ninez","tag-noticias-de-arroyito-y-zona","tag-obras-publicas","tag-plaza-blanda","tag-plazas"],"_links":{"self":[{"href":"https:\/\/arroyitoonline.com.ar\/index.php?rest_route=\/wp\/v2\/posts\/14572","targetHints":{"allow":["GET"]}}],"collection":[{"href":"https:\/\/arroyitoonline.com.ar\/index.php?rest_route=\/wp\/v2\/posts"}],"about":[{"href":"https:\/\/arroyitoonline.com.ar\/index.php?rest_route=\/wp\/v2\/types\/post"}],"author":[{"embeddable":true,"href":"https:\/\/arroyitoonline.com.ar\/index.php?rest_route=\/wp\/v2\/users\/3"}],"replies":[{"embeddable":true,"href":"https:\/\/arroyitoonline.com.ar\/index.php?rest_route=%2Fwp%2Fv2%2Fcomments&post=14572"}],"version-history":[{"count":1,"href":"https:\/\/arroyitoonline.com.ar\/index.php?rest_route=\/wp\/v2\/posts\/14572\/revisions"}],"predecessor-version":[{"id":14574,"href":"https:\/\/arroyitoonline.com.ar\/index.php?rest_route=\/wp\/v2\/posts\/14572\/revisions\/14574"}],"wp:featuredmedia":[{"embeddable":true,"href":"https:\/\/arroyitoonline.com.ar\/index.php?rest_route=\/wp\/v2\/media\/14573"}],"wp:attachment":[{"href":"https:\/\/arroyitoonline.com.ar\/index.php?rest_route=%2Fwp%2Fv2%2Fmedia&parent=14572"}],"wp:term":[{"taxonomy":"category","embeddable":true,"href":"https:\/\/arroyitoonline.com.ar\/index.php?rest_route=%2Fwp%2Fv2%2Fcategories&post=14572"},{"taxonomy":"post_tag","embeddable":true,"href":"https:\/\/arroyitoonline.com.ar\/index.php?rest_route=%2Fwp%2Fv2%2Ftags&post=14572"}],"curies":[{"name":"wp","href":"https:\/\/api.w.org\/{rel}","templated":true}]}}