{"id":14608,"date":"2022-07-06T13:45:35","date_gmt":"2022-07-06T13:45:35","guid":{"rendered":"https:\/\/arroyitoonline.com.ar\/?p=14608"},"modified":"2022-07-06T13:45:36","modified_gmt":"2022-07-06T13:45:36","slug":"detuvieron-a-un-hombre-por-hecho-de-lesiones-graves-y-portacion-ilegitima-de-arma-de-fuego","status":"publish","type":"post","link":"https:\/\/arroyitoonline.com.ar\/?p=14608","title":{"rendered":"Detuvieron a un hombre por hecho de lesiones graves y portaci\u00f3n ileg\u00edtima de arma de fuego"},"content":{"rendered":"\n<p><strong>El suceso hab\u00eda ocurrido en la localidad de Tr\u00e1nsito. La aprehensi\u00f3n se produjo tras el allanamiento de una vivienda en Arroyito. <\/strong><\/p>\n\n\n\n<p>En horas de la ma\u00f1ana de este lunes 4 de julio, personal policial con la colaboraci\u00f3n del Equipo de T\u00e1cticas Especiales Recomendable (ETER), allan\u00f3 una vivienda ubicada en calle Urquiza de nuestra ciudad. All\u00ed, detuvieron a un hombre de 35 a\u00f1os.<\/p>\n\n\n\n<p>El allanamiento se produjo tras averiguaciones e investigaciones por un hecho caratulado como lesiones graves y portaci\u00f3n Ileg\u00edtima de arma de fuego que ocurri\u00f3 a fines del mes de mayo en la localidad de Tr\u00e1nsito; del cual un hombre de 41 a\u00f1os resulto v\u00edctima tras un disparo de arma de fuego.<\/p>\n\n\n\n<p>Luego del procedimiento, el autor del hecho fue trasladado a la Comisar\u00eda quedando alojado a disposici\u00f3n de Fiscal\u00eda de Instrucci\u00f3n de Arroyito.<\/p>\n\n\n\n<p>Fuente: secci\u00f3n Prensa UR Departamental San Justo. <\/p>\n","protected":false},"excerpt":{"rendered":"<p>El suceso hab\u00eda ocurrido en la localidad de Tr\u00e1nsito. La aprehensi\u00f3n se produjo tras el allanamiento de una vivienda en&hellip;<\/p>\n","protected":false},"author":3,"featured_media":14364,"comment_status":"closed","ping_status":"open","sticky":false,"template":"","format":"standard","meta":{"footnotes":""},"categories":[824],"tags":[61,66,67,836,1325,1324,572,635,637,638,825,771],"class_list":["post-14608","post","type-post","status-publish","format-standard","has-post-thumbnail","hentry","category-policiales-online","tag-armas","tag-arroyito","tag-arroyito-cordoba","tag-arroyito-online","tag-eter","tag-lesiones","tag-noticias-de-arroyito-y-zona","tag-policia","tag-policiales","tag-policiales-arroyito","tag-policiales-online","tag-transito"],"_links":{"self":[{"href":"https:\/\/arroyitoonline.com.ar\/index.php?rest_route=\/wp\/v2\/posts\/14608","targetHints":{"allow":["GET"]}}],"collection":[{"href":"https:\/\/arroyitoonline.com.ar\/index.php?rest_route=\/wp\/v2\/posts"}],"about":[{"href":"https:\/\/arroyitoonline.com.ar\/index.php?rest_route=\/wp\/v2\/types\/post"}],"author":[{"embeddable":true,"href":"https:\/\/arroyitoonline.com.ar\/index.php?rest_route=\/wp\/v2\/users\/3"}],"replies":[{"embeddable":true,"href":"https:\/\/arroyitoonline.com.ar\/index.php?rest_route=%2Fwp%2Fv2%2Fcomments&post=14608"}],"version-history":[{"count":1,"href":"https:\/\/arroyitoonline.com.ar\/index.php?rest_route=\/wp\/v2\/posts\/14608\/revisions"}],"predecessor-version":[{"id":14609,"href":"https:\/\/arroyitoonline.com.ar\/index.php?rest_route=\/wp\/v2\/posts\/14608\/revisions\/14609"}],"wp:featuredmedia":[{"embeddable":true,"href":"https:\/\/arroyitoonline.com.ar\/index.php?rest_route=\/wp\/v2\/media\/14364"}],"wp:attachment":[{"href":"https:\/\/arroyitoonline.com.ar\/index.php?rest_route=%2Fwp%2Fv2%2Fmedia&parent=14608"}],"wp:term":[{"taxonomy":"category","embeddable":true,"href":"https:\/\/arroyitoonline.com.ar\/index.php?rest_route=%2Fwp%2Fv2%2Fcategories&post=14608"},{"taxonomy":"post_tag","embeddable":true,"href":"https:\/\/arroyitoonline.com.ar\/index.php?rest_route=%2Fwp%2Fv2%2Ftags&post=14608"}],"curies":[{"name":"wp","href":"https:\/\/api.w.org\/{rel}","templated":true}]}}