{"id":14616,"date":"2022-07-06T14:42:54","date_gmt":"2022-07-06T14:42:54","guid":{"rendered":"https:\/\/arroyitoonline.com.ar\/?p=14616"},"modified":"2022-07-11T13:09:44","modified_gmt":"2022-07-11T13:09:44","slug":"concejo-deliberante-este-jueves-sera-la-segunda-audiencia-publica-para-la-ampliacion-de-la-red-de-gas-natural","status":"publish","type":"post","link":"https:\/\/arroyitoonline.com.ar\/?p=14616","title":{"rendered":"Concejo Deliberante: este mi\u00e9rcoles ser\u00e1 la segunda audiencia p\u00fablica para la ampliaci\u00f3n de la red de gas natural"},"content":{"rendered":"\n<p><strong>La primera fue el 15 de junio. Se espera que asistan vecinos y aporten sus puntos de vista. Luego, el tema volver\u00e1 al recinto para su aprobaci\u00f3n o rechazo.<\/strong><\/p>\n\n\n\n<p>Este mi\u00e9rcoles 6 de julio a las 21:30 horas (con tolerancia de 15 minutos), en la sala del Concejo Deliberante, ser\u00e1 la segunda audiencia p\u00fablica del proyecto de ordenanza:\u00a0<em><a href=\"https:\/\/arroyitoonline.com.ar\/Users\/Usuario\/Downloads\/Proy.%20de%20Ord.%20Ampliaci%C3%B3n%20de%20la%20red%20de%20gas%20natural.pdf\" target=\"_blank\" rel=\"noreferrer noopener\">\u201cAutorizaci\u00f3n a suscribir contrato de adjudicaci\u00f3n de ampliaci\u00f3n de la red de gas natural entre el Departamento Ejecutivo Municipal y la Cooperativa de Electricidad y Servicios P\u00fablicos de Arroyito Limitada\u201d<\/a><\/em>.<\/p>\n\n\n\n<figure class=\"wp-block-embed aligncenter is-type-wp-embed is-provider-arroyito-online wp-block-embed-arroyito-online\"><div class=\"wp-block-embed__wrapper\">\nhttps:\/\/arroyitoonline.com.ar\/servicios-publicos\/el-intendente-y-la-presidenta-de-cespal-le-pidieron-a-concejales-que-aprueben-de-manera-urgente-el-proyecto-del-gas\/embed\/#?secret=Lz9ZZ8VD73\n<\/div><\/figure>\n\n\n\n<p>D\u00edas pasados, el Ejecutivo Municipal junto al Bloque Oficialista, solicitaron a todo el cuerpo legislativo&nbsp;<em>\u201cque se apruebe de manera inmediata el proyecto de gas para poner fin a tantos a\u00f1os de ausencia de este servicio, sobre todo en el sector sur de la ciudad, siempre respetando los procesos legales, pero nunca olvidando la necesidad de los vecinos que carecen de este suministro, lo cual impacta de manera directa en su calidad de vida\u201d<\/em>.<\/p>\n\n\n\n<p>El mi\u00e9rcoles 15 de junio se hab\u00eda realizado la primera audiencia p\u00fablica, a la cual concurri\u00f3 un buen n\u00famero de vecinos, sobre todo del sector sur y barrio Don Pablo. En aquella ocasi\u00f3n, las personas reclamaron que se ejecute la obra cuanto antes y recibieron precisiones por parte de integrantes de la Cespal, que la ejecutar\u00e1, presentes en la sala. Luego de esta instancia, el tema volver\u00e1 al recinto para la segunda lectura y posterior aprobaci\u00f3n o rechazo por parte de los ediles.<\/p>\n","protected":false},"excerpt":{"rendered":"<p>La primera fue el 15 de junio. Se espera que asistan vecinos y aporten sus puntos de vista. Luego, el&hellip;<\/p>\n","protected":false},"author":3,"featured_media":5591,"comment_status":"closed","ping_status":"open","sticky":false,"template":"","format":"standard","meta":{"footnotes":""},"categories":[920,1044,879],"tags":[66,67,836,183,891,226,227,240,396,397,1102,572,578,1318,731,732],"class_list":["post-14616","post","type-post","status-publish","format-standard","has-post-thumbnail","hentry","category-concejo-deliberante-online","category-obras-publicas","category-servicios-publicos","tag-arroyito","tag-arroyito-cordoba","tag-arroyito-online","tag-cespal","tag-concejales","tag-concejo","tag-concejo-deliberante","tag-cooperativa","tag-gas","tag-gas-natural","tag-gobierno-municipal","tag-noticias-de-arroyito-y-zona","tag-obras-publicas","tag-ordenanza","tag-servicios","tag-servicios-publicos"],"_links":{"self":[{"href":"https:\/\/arroyitoonline.com.ar\/index.php?rest_route=\/wp\/v2\/posts\/14616","targetHints":{"allow":["GET"]}}],"collection":[{"href":"https:\/\/arroyitoonline.com.ar\/index.php?rest_route=\/wp\/v2\/posts"}],"about":[{"href":"https:\/\/arroyitoonline.com.ar\/index.php?rest_route=\/wp\/v2\/types\/post"}],"author":[{"embeddable":true,"href":"https:\/\/arroyitoonline.com.ar\/index.php?rest_route=\/wp\/v2\/users\/3"}],"replies":[{"embeddable":true,"href":"https:\/\/arroyitoonline.com.ar\/index.php?rest_route=%2Fwp%2Fv2%2Fcomments&post=14616"}],"version-history":[{"count":2,"href":"https:\/\/arroyitoonline.com.ar\/index.php?rest_route=\/wp\/v2\/posts\/14616\/revisions"}],"predecessor-version":[{"id":14620,"href":"https:\/\/arroyitoonline.com.ar\/index.php?rest_route=\/wp\/v2\/posts\/14616\/revisions\/14620"}],"wp:featuredmedia":[{"embeddable":true,"href":"https:\/\/arroyitoonline.com.ar\/index.php?rest_route=\/wp\/v2\/media\/5591"}],"wp:attachment":[{"href":"https:\/\/arroyitoonline.com.ar\/index.php?rest_route=%2Fwp%2Fv2%2Fmedia&parent=14616"}],"wp:term":[{"taxonomy":"category","embeddable":true,"href":"https:\/\/arroyitoonline.com.ar\/index.php?rest_route=%2Fwp%2Fv2%2Fcategories&post=14616"},{"taxonomy":"post_tag","embeddable":true,"href":"https:\/\/arroyitoonline.com.ar\/index.php?rest_route=%2Fwp%2Fv2%2Ftags&post=14616"}],"curies":[{"name":"wp","href":"https:\/\/api.w.org\/{rel}","templated":true}]}}