{"id":14621,"date":"2022-07-11T23:04:14","date_gmt":"2022-07-11T23:04:14","guid":{"rendered":"https:\/\/arroyitoonline.com.ar\/?p=14621"},"modified":"2022-07-11T23:05:16","modified_gmt":"2022-07-11T23:05:16","slug":"padres-de-alumnos-de-la-escuela-proa-de-arroyito-se-manifestaron-frente-a-la-obra-en-construccion-del-edificio-propio","status":"publish","type":"post","link":"https:\/\/arroyitoonline.com.ar\/?p=14621","title":{"rendered":"Padres de alumnos de la Escuela ProA de Arroyito se manifestaron frente a la obra en construcci\u00f3n del edificio propio"},"content":{"rendered":"\n<p><strong>De esta manera, se plegaron a reclamos realizados en otras localidades que tambi\u00e9n tienen ese tipo de establecimientos educativos aguardando la conclusi\u00f3n de sus inmuebles. <\/strong><\/p>\n\n\n\n<p>Este mediod\u00eda, padres de alumnos de la escuela ProA de Arroyito autoconvocados, se manifestaron pidiendo <em>&#8220;la conclusi\u00f3n definitiva y urgente del establecimiento educativo, para que nuestros hijos no sufran un a\u00f1o m\u00e1s en instalaciones improvisadas y no propias, como vienen padeciendo desde los comienzos&#8221;<\/em>, explicaron en un comunicado preliminar que difundieron por redes sociales. <\/p>\n\n\n\n<p>El reclamo simb\u00f3lico -tal como lo denominaron- se realiz\u00f3 frente a la obra en construcci\u00f3n del edificio propio de la instituci\u00f3n -Jos\u00e9 Quintela 1400- sum\u00e1ndose a una <em>&#8220;manifestaci\u00f3n masiva y simult\u00e1nea con ProA de otras localidades&#8221;<\/em>, que sufren la misma problem\u00e1tica. <\/p>\n\n\n\n<p><em>&#8220;Consideramos que esto tiene que dejar de ser una lucha de unos padres y pasar a ser una lucha de toda la comunidad, porque la educaci\u00f3n nos involucra a todos. Que la educaci\u00f3n siempre sea nuestra primera prioridad social&#8221;<\/em>, concluyeron en el escrito. <\/p>\n\n\n\n<figure class=\"wp-block-video aligncenter\"><video height=\"352\" style=\"aspect-ratio: 640 \/ 352;\" width=\"640\" controls poster=\"https:\/\/arroyitoonline.com.ar\/wp-content\/uploads\/2022\/07\/banderas-escuela-ProA-Arroyito.jpg\" src=\"https:\/\/arroyitoonline.com.ar\/wp-content\/uploads\/2022\/07\/manifestacion-escuela-proA-1.mp4\"><\/video><\/figure>\n\n\n\n<p>Pasadas las 12:00 horas, los manifestantes protagonizaron un bocinazo y un abrazo al inmueble sin terminar, donde hab\u00edan colgado banderas con mensajes dirigidos a las autoridades municipales y provinciales.<\/p>\n\n\n\n<p>Cabe destacar que, en la actualidad, la Escuela ProA funciona de manera provisoria en las instalaciones del sal\u00f3n de fiestas de H\u00e9ctor Sosa -sobre calle Dora de Rodr\u00edguez-, el cual fue reformado para tal fin, hasta tanto concluya la construcci\u00f3n de su edificio propio, cuya inauguraci\u00f3n -seg\u00fan se anunci\u00f3- estar\u00eda prevista para finales de este a\u00f1o. <\/p>\n\n\n\n<p>Agradecemos las im\u00e1genes a Julieta Ludue\u00f1a. <\/p>\n","protected":false},"excerpt":{"rendered":"<p>De esta manera, se plegaron a reclamos realizados en otras localidades que tambi\u00e9n tienen ese tipo de establecimientos educativos aguardando&hellip;<\/p>\n","protected":false},"author":3,"featured_media":14628,"comment_status":"closed","ping_status":"open","sticky":false,"template":"","format":"standard","meta":{"footnotes":""},"categories":[830],"tags":[66,67,836,310,859,348,404,405,1102,521,572,1100],"class_list":["post-14621","post","type-post","status-publish","format-standard","has-post-thumbnail","hentry","category-educacion-online","tag-arroyito","tag-arroyito-cordoba","tag-arroyito-online","tag-educacion","tag-escuela-proa","tag-escuelas","tag-gobierno-de-cordoba","tag-gobierno-de-la-provincia","tag-gobierno-municipal","tag-marcha","tag-noticias-de-arroyito-y-zona","tag-reclamos"],"_links":{"self":[{"href":"https:\/\/arroyitoonline.com.ar\/index.php?rest_route=\/wp\/v2\/posts\/14621","targetHints":{"allow":["GET"]}}],"collection":[{"href":"https:\/\/arroyitoonline.com.ar\/index.php?rest_route=\/wp\/v2\/posts"}],"about":[{"href":"https:\/\/arroyitoonline.com.ar\/index.php?rest_route=\/wp\/v2\/types\/post"}],"author":[{"embeddable":true,"href":"https:\/\/arroyitoonline.com.ar\/index.php?rest_route=\/wp\/v2\/users\/3"}],"replies":[{"embeddable":true,"href":"https:\/\/arroyitoonline.com.ar\/index.php?rest_route=%2Fwp%2Fv2%2Fcomments&post=14621"}],"version-history":[{"count":3,"href":"https:\/\/arroyitoonline.com.ar\/index.php?rest_route=\/wp\/v2\/posts\/14621\/revisions"}],"predecessor-version":[{"id":14627,"href":"https:\/\/arroyitoonline.com.ar\/index.php?rest_route=\/wp\/v2\/posts\/14621\/revisions\/14627"}],"wp:featuredmedia":[{"embeddable":true,"href":"https:\/\/arroyitoonline.com.ar\/index.php?rest_route=\/wp\/v2\/media\/14628"}],"wp:attachment":[{"href":"https:\/\/arroyitoonline.com.ar\/index.php?rest_route=%2Fwp%2Fv2%2Fmedia&parent=14621"}],"wp:term":[{"taxonomy":"category","embeddable":true,"href":"https:\/\/arroyitoonline.com.ar\/index.php?rest_route=%2Fwp%2Fv2%2Fcategories&post=14621"},{"taxonomy":"post_tag","embeddable":true,"href":"https:\/\/arroyitoonline.com.ar\/index.php?rest_route=%2Fwp%2Fv2%2Ftags&post=14621"}],"curies":[{"name":"wp","href":"https:\/\/api.w.org\/{rel}","templated":true}]}}