{"id":14656,"date":"2022-07-25T14:14:34","date_gmt":"2022-07-25T14:14:34","guid":{"rendered":"https:\/\/arroyitoonline.com.ar\/?p=14656"},"modified":"2022-07-25T14:14:35","modified_gmt":"2022-07-25T14:14:35","slug":"el-gobierno-municipal-sorteara-16-viviendas-del-plan-casa-social","status":"publish","type":"post","link":"https:\/\/arroyitoonline.com.ar\/?p=14656","title":{"rendered":"El Gobierno Municipal sortear\u00e1 16 viviendas del Plan Casa Social"},"content":{"rendered":"\n<p><strong>Ser\u00e1 este mi\u00e9rcoles 27 de julio, a las 19:30 horas, en el Auditorio Coral<\/strong> <strong>-Rivadavia 350-.<\/strong><\/p>\n\n\n\n<p>La Direcci\u00f3n de Viviendas del Gobierno Municipal realizar\u00e1, este mi\u00e9rcoles 27 de julio a las 19:30 horas, el sorteo de 16 nuevas unidades habitacionales correspondientes a Plan Casa Social, en el auditorio Coral -ubicado en Rivadavia 350-.<\/p>\n\n\n\n<p><strong>Datos a tener en cuenta:<\/strong><\/p>\n\n\n\n<ul class=\"wp-block-list\"><li>El padr\u00f3n de adherentes se cerr\u00f3 el jueves 21 de julio.<\/li><li>En el padr\u00f3n fueron incluidos todos los adherentes que ten\u00edan saldada hasta la cuota de MAYO de 2022 incluida.<\/li><\/ul>\n\n\n\n<p><strong>El padr\u00f3n de habilitados para participar del sorteo ya es p\u00fablico<\/strong>. <\/p>\n\n\n\n<p>Imagen de archivo, a modo ilustrativo.<\/p>\n","protected":false},"excerpt":{"rendered":"<p>Ser\u00e1 este mi\u00e9rcoles 27 de julio, a las 19:30 horas, en el Auditorio Coral -Rivadavia 350-. La Direcci\u00f3n de Viviendas&hellip;<\/p>\n","protected":false},"author":3,"featured_media":12188,"comment_status":"closed","ping_status":"open","sticky":false,"template":"","format":"standard","meta":{"footnotes":""},"categories":[1044],"tags":[66,67,836,1102,556,572,578,625,739,813],"class_list":["post-14656","post","type-post","status-publish","format-standard","has-post-thumbnail","hentry","category-obras-publicas","tag-arroyito","tag-arroyito-cordoba","tag-arroyito-online","tag-gobierno-municipal","tag-municipalidad-de-arroyito","tag-noticias-de-arroyito-y-zona","tag-obras-publicas","tag-plan-casa-social","tag-sorteo","tag-viviendas"],"_links":{"self":[{"href":"https:\/\/arroyitoonline.com.ar\/index.php?rest_route=\/wp\/v2\/posts\/14656","targetHints":{"allow":["GET"]}}],"collection":[{"href":"https:\/\/arroyitoonline.com.ar\/index.php?rest_route=\/wp\/v2\/posts"}],"about":[{"href":"https:\/\/arroyitoonline.com.ar\/index.php?rest_route=\/wp\/v2\/types\/post"}],"author":[{"embeddable":true,"href":"https:\/\/arroyitoonline.com.ar\/index.php?rest_route=\/wp\/v2\/users\/3"}],"replies":[{"embeddable":true,"href":"https:\/\/arroyitoonline.com.ar\/index.php?rest_route=%2Fwp%2Fv2%2Fcomments&post=14656"}],"version-history":[{"count":1,"href":"https:\/\/arroyitoonline.com.ar\/index.php?rest_route=\/wp\/v2\/posts\/14656\/revisions"}],"predecessor-version":[{"id":14657,"href":"https:\/\/arroyitoonline.com.ar\/index.php?rest_route=\/wp\/v2\/posts\/14656\/revisions\/14657"}],"wp:featuredmedia":[{"embeddable":true,"href":"https:\/\/arroyitoonline.com.ar\/index.php?rest_route=\/wp\/v2\/media\/12188"}],"wp:attachment":[{"href":"https:\/\/arroyitoonline.com.ar\/index.php?rest_route=%2Fwp%2Fv2%2Fmedia&parent=14656"}],"wp:term":[{"taxonomy":"category","embeddable":true,"href":"https:\/\/arroyitoonline.com.ar\/index.php?rest_route=%2Fwp%2Fv2%2Fcategories&post=14656"},{"taxonomy":"post_tag","embeddable":true,"href":"https:\/\/arroyitoonline.com.ar\/index.php?rest_route=%2Fwp%2Fv2%2Ftags&post=14656"}],"curies":[{"name":"wp","href":"https:\/\/api.w.org\/{rel}","templated":true}]}}