{"id":14671,"date":"2022-07-29T14:25:29","date_gmt":"2022-07-29T14:25:29","guid":{"rendered":"https:\/\/arroyitoonline.com.ar\/?p=14671"},"modified":"2022-07-29T14:34:13","modified_gmt":"2022-07-29T14:34:13","slug":"joven-motociclista-resulto-con-lesiones-graves-tras-chocar-con-un-auto","status":"publish","type":"post","link":"https:\/\/arroyitoonline.com.ar\/?p=14671","title":{"rendered":"Joven motociclista result\u00f3 con lesiones graves tras chocar con un auto"},"content":{"rendered":"\n<p><strong>La colisi\u00f3n se produjo a la altura de la intersecci\u00f3n entre la Av. Fulvio Pagani y el Pasaje Luis Fonti. <\/strong><\/p>\n\n\n\n<p>A las 21:40 horas de ayer, personal policial tom\u00f3 conocimiento de un accidente de tr\u00e1nsito ocurrido momentos antes en la intersecci\u00f3n de Av. Fulvio Pagani y Pasaje Luis Fonti.<\/p>\n\n\n\n<p>El siniestro fue protagonizado por un auto BMW 120I de color gris que era conducido por un hombre de 61 a\u00f1os domiciliado en Morteros. Por causas que se desconocen, colision\u00f3 con una moto Yamaha YBR guiada por un joven de 20 a\u00f1os.<\/p>\n\n\n\n<p>Producto del impacto, el conductor del rodado menor debi\u00f3 ser trasladado al hospital municipal, donde le diagnosticaron lesiones de car\u00e1cter grave. Intervino en el hecho, la Fiscal\u00eda de Instrucci\u00f3n de Arroyito.<\/p>\n\n\n\n<p>Fuente: secci\u00f3n Prensa UR Departamental San Justo. <\/p>\n","protected":false},"excerpt":{"rendered":"<p>La colisi\u00f3n se produjo a la altura de la intersecci\u00f3n entre la Av. Fulvio Pagani y el Pasaje Luis Fonti.&hellip;<\/p>\n","protected":false},"author":3,"featured_media":14364,"comment_status":"closed","ping_status":"open","sticky":false,"template":"","format":"standard","meta":{"footnotes":""},"categories":[824],"tags":[66,67,836,191,875,1324,1086,547,572,635,637,825],"class_list":["post-14671","post","type-post","status-publish","format-standard","has-post-thumbnail","hentry","category-policiales-online","tag-arroyito","tag-arroyito-cordoba","tag-arroyito-online","tag-choque","tag-jovenes-2","tag-lesiones","tag-moto","tag-motos","tag-noticias-de-arroyito-y-zona","tag-policia","tag-policiales","tag-policiales-online"],"_links":{"self":[{"href":"https:\/\/arroyitoonline.com.ar\/index.php?rest_route=\/wp\/v2\/posts\/14671","targetHints":{"allow":["GET"]}}],"collection":[{"href":"https:\/\/arroyitoonline.com.ar\/index.php?rest_route=\/wp\/v2\/posts"}],"about":[{"href":"https:\/\/arroyitoonline.com.ar\/index.php?rest_route=\/wp\/v2\/types\/post"}],"author":[{"embeddable":true,"href":"https:\/\/arroyitoonline.com.ar\/index.php?rest_route=\/wp\/v2\/users\/3"}],"replies":[{"embeddable":true,"href":"https:\/\/arroyitoonline.com.ar\/index.php?rest_route=%2Fwp%2Fv2%2Fcomments&post=14671"}],"version-history":[{"count":1,"href":"https:\/\/arroyitoonline.com.ar\/index.php?rest_route=\/wp\/v2\/posts\/14671\/revisions"}],"predecessor-version":[{"id":14672,"href":"https:\/\/arroyitoonline.com.ar\/index.php?rest_route=\/wp\/v2\/posts\/14671\/revisions\/14672"}],"wp:featuredmedia":[{"embeddable":true,"href":"https:\/\/arroyitoonline.com.ar\/index.php?rest_route=\/wp\/v2\/media\/14364"}],"wp:attachment":[{"href":"https:\/\/arroyitoonline.com.ar\/index.php?rest_route=%2Fwp%2Fv2%2Fmedia&parent=14671"}],"wp:term":[{"taxonomy":"category","embeddable":true,"href":"https:\/\/arroyitoonline.com.ar\/index.php?rest_route=%2Fwp%2Fv2%2Fcategories&post=14671"},{"taxonomy":"post_tag","embeddable":true,"href":"https:\/\/arroyitoonline.com.ar\/index.php?rest_route=%2Fwp%2Fv2%2Ftags&post=14671"}],"curies":[{"name":"wp","href":"https:\/\/api.w.org\/{rel}","templated":true}]}}