{"id":14685,"date":"2022-08-10T14:56:31","date_gmt":"2022-08-10T14:56:31","guid":{"rendered":"https:\/\/arroyitoonline.com.ar\/?p=14685"},"modified":"2022-08-10T14:56:32","modified_gmt":"2022-08-10T14:56:32","slug":"una-ciclista-resulto-herida-grave-tras-un-choque","status":"publish","type":"post","link":"https:\/\/arroyitoonline.com.ar\/?p=14685","title":{"rendered":"Una ciclista result\u00f3 herida grave tras un choque"},"content":{"rendered":"\n<p><strong>La bicicleta choc\u00f3 con una Volkswagen Saveiro, en la intersecci\u00f3n de la ruta 19 y Jos\u00e9 A. Vocos. <\/strong><\/p>\n\n\n\n<p>A las 10:00 horas de ayer, la Polic\u00eda tom\u00f3 conocimiento de un accidente de tr\u00e1nsito ocurrido momentos antes en la intersecci\u00f3n de Av. Pagani y calle Jos\u00e9 A. Vocos.<\/p>\n\n\n\n<p>El siniestro fue protagonizado por una Volkswagen Saveiro de color blanco conducida por un joven de 28 a\u00f1os. Por causas que se desconocen, la camioneta colision\u00f3 con una bicicleta de colores gris y azul en la que circulaba una joven de 29 a\u00f1os.<\/p>\n\n\n\n<p>Producto del impacto, la ciclista result\u00f3 con lesiones de car\u00e1cter grave. Intervino en el caso, la Fiscal\u00eda de Instrucci\u00f3n de Arroyito.<\/p>\n\n\n\n<p>Fuente: secci\u00f3n Prensa UR Departamental San Justo. <\/p>\n","protected":false},"excerpt":{"rendered":"<p>La bicicleta choc\u00f3 con una Volkswagen Saveiro, en la intersecci\u00f3n de la ruta 19 y Jos\u00e9 A. Vocos. A las&hellip;<\/p>\n","protected":false},"author":3,"featured_media":14364,"comment_status":"closed","ping_status":"open","sticky":false,"template":"","format":"standard","meta":{"footnotes":""},"categories":[824],"tags":[22,66,67,836,191,572,635,637,638,825,737],"class_list":["post-14685","post","type-post","status-publish","format-standard","has-post-thumbnail","hentry","category-policiales-online","tag-accidente","tag-arroyito","tag-arroyito-cordoba","tag-arroyito-online","tag-choque","tag-noticias-de-arroyito-y-zona","tag-policia","tag-policiales","tag-policiales-arroyito","tag-policiales-online","tag-siniestro-vial"],"_links":{"self":[{"href":"https:\/\/arroyitoonline.com.ar\/index.php?rest_route=\/wp\/v2\/posts\/14685","targetHints":{"allow":["GET"]}}],"collection":[{"href":"https:\/\/arroyitoonline.com.ar\/index.php?rest_route=\/wp\/v2\/posts"}],"about":[{"href":"https:\/\/arroyitoonline.com.ar\/index.php?rest_route=\/wp\/v2\/types\/post"}],"author":[{"embeddable":true,"href":"https:\/\/arroyitoonline.com.ar\/index.php?rest_route=\/wp\/v2\/users\/3"}],"replies":[{"embeddable":true,"href":"https:\/\/arroyitoonline.com.ar\/index.php?rest_route=%2Fwp%2Fv2%2Fcomments&post=14685"}],"version-history":[{"count":1,"href":"https:\/\/arroyitoonline.com.ar\/index.php?rest_route=\/wp\/v2\/posts\/14685\/revisions"}],"predecessor-version":[{"id":14686,"href":"https:\/\/arroyitoonline.com.ar\/index.php?rest_route=\/wp\/v2\/posts\/14685\/revisions\/14686"}],"wp:featuredmedia":[{"embeddable":true,"href":"https:\/\/arroyitoonline.com.ar\/index.php?rest_route=\/wp\/v2\/media\/14364"}],"wp:attachment":[{"href":"https:\/\/arroyitoonline.com.ar\/index.php?rest_route=%2Fwp%2Fv2%2Fmedia&parent=14685"}],"wp:term":[{"taxonomy":"category","embeddable":true,"href":"https:\/\/arroyitoonline.com.ar\/index.php?rest_route=%2Fwp%2Fv2%2Fcategories&post=14685"},{"taxonomy":"post_tag","embeddable":true,"href":"https:\/\/arroyitoonline.com.ar\/index.php?rest_route=%2Fwp%2Fv2%2Ftags&post=14685"}],"curies":[{"name":"wp","href":"https:\/\/api.w.org\/{rel}","templated":true}]}}