{"id":14710,"date":"2022-08-23T14:20:34","date_gmt":"2022-08-23T14:20:34","guid":{"rendered":"https:\/\/arroyitoonline.com.ar\/?p=14710"},"modified":"2022-08-23T14:49:19","modified_gmt":"2022-08-23T14:49:19","slug":"choque-frontal-entre-el-fuertecito-y-el-tio-dejo-como-saldo-una-persona-muerta","status":"publish","type":"post","link":"https:\/\/arroyitoonline.com.ar\/?p=14710","title":{"rendered":"Choque frontal entre El Fuertecito y El T\u00edo dej\u00f3 como saldo una persona muerta"},"content":{"rendered":"\n<p><strong>En la Ruta 19, un Volkswagen Fox colision\u00f3 con un Ford Ka, en el cual viajaba el joven de 19 a\u00f1os que perdi\u00f3 la vida como consecuencia del impacto.<\/strong><\/p>\n\n\n\n<p>A las 8:07 de este martes, sobre Ruta 19 entre El Fuertecito y El T\u00edo, se produjo un accidente fatal que involucr\u00f3 dos veh\u00edculos con personas atrapadas.<\/p>\n\n\n\n<p>Al lugar se dirigieron dos dotaciones de Bomberos Voluntarios de Arroyito, en los M\u00f3viles 11 y 26 a cargo del Sgto. BV Adriano Fera. Tambi\u00e9n asisti\u00f3 una dotaci\u00f3n en la unidad de rescate de El T\u00edo.<\/p>\n\n\n\n<p>A su llegada constataron un choque frontal entre dos autom\u00f3viles, quedando tumbado uno de los veh\u00edculos. Personal de Bomberos rescat\u00f3 a una persona aprisionada en el Volkswagen Fox, haciendo uso de equipos hidr\u00e1ulicos.<\/p>\n\n\n<div class=\"wp-block-image\">\n<figure class=\"aligncenter size-large\"><img loading=\"lazy\" decoding=\"async\" width=\"1024\" height=\"576\" src=\"https:\/\/arroyitoonline.com.ar\/wp-content\/uploads\/2022\/08\/accidente-martes-23-agosto-2-1024x576.jpg\" alt=\"\" class=\"wp-image-14712\" srcset=\"https:\/\/arroyitoonline.com.ar\/wp-content\/uploads\/2022\/08\/accidente-martes-23-agosto-2-1024x576.jpg 1024w, https:\/\/arroyitoonline.com.ar\/wp-content\/uploads\/2022\/08\/accidente-martes-23-agosto-2-300x169.jpg 300w, https:\/\/arroyitoonline.com.ar\/wp-content\/uploads\/2022\/08\/accidente-martes-23-agosto-2-768x432.jpg 768w, https:\/\/arroyitoonline.com.ar\/wp-content\/uploads\/2022\/08\/accidente-martes-23-agosto-2.jpg 1200w\" sizes=\"auto, (max-width: 1024px) 100vw, 1024px\" \/><\/figure>\n<\/div>\n\n\n<p>Por su parte, falleci\u00f3 el joven de 19 a\u00f1os domiciliado en Villa Concepci\u00f3n que conduc\u00eda el Ford Ka involucrado.<\/p>\n\n\n\n<p>Los dos ocupantes del VW Fox -un hombre de 64 a\u00f1os y su hijo de 22-, que presentaban presentaban traumatismos varios, fueron trasladados al Hospital Municipal Carlos J. Rodr\u00edguez por servicios m\u00e9dicos que trabajaron en el sector del siniestro, colaborando ambulancias de El T\u00edo, La Francia y Arroyito.<\/p>\n\n\n\n<p>Al momento, personal de Bomberos se encuentra en el lugar aguardando ordenes de Fiscal\u00eda de Instrucci\u00f3n local y Polic\u00eda Judicial.<\/p>\n\n\n\n<p>Fuente: Prensa Bomberos y secci\u00f3n Prensa UR Departamental San Justo.<\/p>\n\n\n\n<p>Im\u00e1genes Arroyito Online. <\/p>\n","protected":false},"excerpt":{"rendered":"<p>En la Ruta 19, un Volkswagen Fox colision\u00f3 con un Ford Ka, en el cual viajaba el joven de 19&hellip;<\/p>\n","protected":false},"author":3,"featured_media":14711,"comment_status":"closed","ping_status":"open","sticky":false,"template":"","format":"standard","meta":{"footnotes":""},"categories":[824],"tags":[22,23,66,67,836,127,128,129,191,572,635,637,825,698,701],"class_list":["post-14710","post","type-post","status-publish","format-standard","has-post-thumbnail","hentry","category-policiales-online","tag-accidente","tag-accidentes","tag-arroyito","tag-arroyito-cordoba","tag-arroyito-online","tag-bomberos-arroyito","tag-bomberos-de-arroyito","tag-bomberos-voluntarios","tag-choque","tag-noticias-de-arroyito-y-zona","tag-policia","tag-policiales","tag-policiales-online","tag-ruta-19","tag-ruta-nacional-n-19"],"_links":{"self":[{"href":"https:\/\/arroyitoonline.com.ar\/index.php?rest_route=\/wp\/v2\/posts\/14710","targetHints":{"allow":["GET"]}}],"collection":[{"href":"https:\/\/arroyitoonline.com.ar\/index.php?rest_route=\/wp\/v2\/posts"}],"about":[{"href":"https:\/\/arroyitoonline.com.ar\/index.php?rest_route=\/wp\/v2\/types\/post"}],"author":[{"embeddable":true,"href":"https:\/\/arroyitoonline.com.ar\/index.php?rest_route=\/wp\/v2\/users\/3"}],"replies":[{"embeddable":true,"href":"https:\/\/arroyitoonline.com.ar\/index.php?rest_route=%2Fwp%2Fv2%2Fcomments&post=14710"}],"version-history":[{"count":4,"href":"https:\/\/arroyitoonline.com.ar\/index.php?rest_route=\/wp\/v2\/posts\/14710\/revisions"}],"predecessor-version":[{"id":14717,"href":"https:\/\/arroyitoonline.com.ar\/index.php?rest_route=\/wp\/v2\/posts\/14710\/revisions\/14717"}],"wp:featuredmedia":[{"embeddable":true,"href":"https:\/\/arroyitoonline.com.ar\/index.php?rest_route=\/wp\/v2\/media\/14711"}],"wp:attachment":[{"href":"https:\/\/arroyitoonline.com.ar\/index.php?rest_route=%2Fwp%2Fv2%2Fmedia&parent=14710"}],"wp:term":[{"taxonomy":"category","embeddable":true,"href":"https:\/\/arroyitoonline.com.ar\/index.php?rest_route=%2Fwp%2Fv2%2Fcategories&post=14710"},{"taxonomy":"post_tag","embeddable":true,"href":"https:\/\/arroyitoonline.com.ar\/index.php?rest_route=%2Fwp%2Fv2%2Ftags&post=14710"}],"curies":[{"name":"wp","href":"https:\/\/api.w.org\/{rel}","templated":true}]}}