{"id":14737,"date":"2022-09-08T14:02:32","date_gmt":"2022-09-08T14:02:32","guid":{"rendered":"https:\/\/arroyitoonline.com.ar\/?p=14737"},"modified":"2022-09-08T14:02:33","modified_gmt":"2022-09-08T14:02:33","slug":"el-fuertecito-un-incendio-forestal-de-gran-magnitud-afecto-120-hectareas","status":"publish","type":"post","link":"https:\/\/arroyitoonline.com.ar\/?p=14737","title":{"rendered":"El Fuertecito: un incendio forestal de gran magnitud afect\u00f3 120 hect\u00e1reas"},"content":{"rendered":"\n<p><strong>Bomberos de Arroyito y la zona trabajaron m\u00e1s de ocho horas y lograron combatir el fuego antes de que llegara a las viviendas del lugar.<\/strong><\/p>\n\n\n\n<p>El martes a las 11:40, Bomberos recibi\u00f3 el aviso de un incendio forestal en la zona rural noreste a 3 Km de El Fuertecito. Al lugar se dirigieron dos dotaciones en los M\u00f3viles 25 y 16 a cargo del Of. Ayte. BV Carlos Carnevale, constatando un incendio de proporciones que se extend\u00eda por campos de rastrojo, guiado por el viento norte. De inmediato solicitaron refuerzos, saliendo los M\u00f3viles 20, 21, 24, 26 y, luego, el M\u00f3vil 23.<\/p>\n\n\n\n<p>Se activ\u00f3 el alerta roja a Bomberos de El T\u00edo (una unidad pesada), Bomberos La Tordilla (una unidad pesada y una unidad liviana) y Bomberos La Francia (una unidad liviana), quedando Bomberos de Tr\u00e1nsito en alerta amarilla.<\/p>\n\n\n\n<p>Los voluntarios trabajaron con contrafuegos en el flanco este para cuidar todas las viviendas del sector oeste de El Fuertecito y la estaci\u00f3n de servicio YPF. En el flanco este se realiz\u00f3 trabajo directo sobre el fuego.<\/p>\n\n\n\n<p>Colaboraron en las tareas, un medio a\u00e9reo y varios tractores de propietarios de campos de la zona. Se vieron afectadas 120 hect\u00e1reas, pero no hubo viviendas comprometidas.<\/p>\n\n\n\n<p>Las labores de Bomberos finalizaron pasadas las 20:00 horas.<\/p>\n","protected":false},"excerpt":{"rendered":"<p>Bomberos de Arroyito y la zona trabajaron m\u00e1s de ocho horas y lograron combatir el fuego antes de que llegara&hellip;<\/p>\n","protected":false},"author":3,"featured_media":14738,"comment_status":"closed","ping_status":"open","sticky":false,"template":"","format":"standard","meta":{"footnotes":""},"categories":[913],"tags":[66,67,836,127,128,129,315,1334,435,436,572],"class_list":["post-14737","post","type-post","status-publish","format-standard","has-post-thumbnail","hentry","category-medio-ambiente","tag-arroyito","tag-arroyito-cordoba","tag-arroyito-online","tag-bomberos-arroyito","tag-bomberos-de-arroyito","tag-bomberos-voluntarios","tag-el-fuertecito","tag-fuego","tag-incendio","tag-incendio-campos","tag-noticias-de-arroyito-y-zona"],"_links":{"self":[{"href":"https:\/\/arroyitoonline.com.ar\/index.php?rest_route=\/wp\/v2\/posts\/14737","targetHints":{"allow":["GET"]}}],"collection":[{"href":"https:\/\/arroyitoonline.com.ar\/index.php?rest_route=\/wp\/v2\/posts"}],"about":[{"href":"https:\/\/arroyitoonline.com.ar\/index.php?rest_route=\/wp\/v2\/types\/post"}],"author":[{"embeddable":true,"href":"https:\/\/arroyitoonline.com.ar\/index.php?rest_route=\/wp\/v2\/users\/3"}],"replies":[{"embeddable":true,"href":"https:\/\/arroyitoonline.com.ar\/index.php?rest_route=%2Fwp%2Fv2%2Fcomments&post=14737"}],"version-history":[{"count":1,"href":"https:\/\/arroyitoonline.com.ar\/index.php?rest_route=\/wp\/v2\/posts\/14737\/revisions"}],"predecessor-version":[{"id":14739,"href":"https:\/\/arroyitoonline.com.ar\/index.php?rest_route=\/wp\/v2\/posts\/14737\/revisions\/14739"}],"wp:featuredmedia":[{"embeddable":true,"href":"https:\/\/arroyitoonline.com.ar\/index.php?rest_route=\/wp\/v2\/media\/14738"}],"wp:attachment":[{"href":"https:\/\/arroyitoonline.com.ar\/index.php?rest_route=%2Fwp%2Fv2%2Fmedia&parent=14737"}],"wp:term":[{"taxonomy":"category","embeddable":true,"href":"https:\/\/arroyitoonline.com.ar\/index.php?rest_route=%2Fwp%2Fv2%2Fcategories&post=14737"},{"taxonomy":"post_tag","embeddable":true,"href":"https:\/\/arroyitoonline.com.ar\/index.php?rest_route=%2Fwp%2Fv2%2Ftags&post=14737"}],"curies":[{"name":"wp","href":"https:\/\/api.w.org\/{rel}","templated":true}]}}