{"id":14740,"date":"2022-09-08T14:16:22","date_gmt":"2022-09-08T14:16:22","guid":{"rendered":"https:\/\/arroyitoonline.com.ar\/?p=14740"},"modified":"2022-09-08T14:17:39","modified_gmt":"2022-09-08T14:17:39","slug":"la-policia-realizo-allanamientos-positivos-por-un-hecho-de-robo-que-se-investiga","status":"publish","type":"post","link":"https:\/\/arroyitoonline.com.ar\/?p=14740","title":{"rendered":"La Polic\u00eda realiz\u00f3 allanamientos positivos, por un hecho de robo que se investiga"},"content":{"rendered":"\n<p><strong>Los procedimientos se desarrollaron en simult\u00e1neo, en viviendas ubicadas sobre calles Ricardo Cecc\u00f3n e Ismael Bianchi.<\/strong><\/p>\n\n\n\n<p>El martes alrededor de las 21:00 horas, personal policial se constituy\u00f3 en dos viviendas ubicadas sobre calles Ricardo Cecc\u00f3n e Ismael Bianchi, donde realizaron allanamientos consecutivos. <\/p>\n\n\n\n<p>Fue tras averiguaciones e investigaciones por un hecho de robo de cables ocurrido a fines del mes de agosto, en el que result\u00f3 damnificada una mutual de nuestra ciudad.<\/p>\n\n\n\n<p>En esos inmuebles, uniformados procedieron al secuestro de elementos que se encuentran relacionados a la causa: un autom\u00f3vil de color bord\u00f3 y dos tel\u00e9fonos celulares. La investigaci\u00f3n contin\u00faa e intervino la Fiscal\u00eda de Instrucci\u00f3n de Arroyito.<\/p>\n\n\n\n<p>Fuente: secci\u00f3n Prensa UR Departamental San Justo. <\/p>\n","protected":false},"excerpt":{"rendered":"<p>Los procedimientos se desarrollaron en simult\u00e1neo, en viviendas ubicadas sobre calles Ricardo Cecc\u00f3n e Ismael Bianchi. El martes alrededor de&hellip;<\/p>\n","protected":false},"author":3,"featured_media":9009,"comment_status":"closed","ping_status":"open","sticky":false,"template":"","format":"standard","meta":{"footnotes":""},"categories":[824],"tags":[47,48,66,67,836,572,635,637,638,825,693,694],"class_list":["post-14740","post","type-post","status-publish","format-standard","has-post-thumbnail","hentry","category-policiales-online","tag-allanamiento","tag-allanamientos","tag-arroyito","tag-arroyito-cordoba","tag-arroyito-online","tag-noticias-de-arroyito-y-zona","tag-policia","tag-policiales","tag-policiales-arroyito","tag-policiales-online","tag-robo","tag-robos"],"_links":{"self":[{"href":"https:\/\/arroyitoonline.com.ar\/index.php?rest_route=\/wp\/v2\/posts\/14740","targetHints":{"allow":["GET"]}}],"collection":[{"href":"https:\/\/arroyitoonline.com.ar\/index.php?rest_route=\/wp\/v2\/posts"}],"about":[{"href":"https:\/\/arroyitoonline.com.ar\/index.php?rest_route=\/wp\/v2\/types\/post"}],"author":[{"embeddable":true,"href":"https:\/\/arroyitoonline.com.ar\/index.php?rest_route=\/wp\/v2\/users\/3"}],"replies":[{"embeddable":true,"href":"https:\/\/arroyitoonline.com.ar\/index.php?rest_route=%2Fwp%2Fv2%2Fcomments&post=14740"}],"version-history":[{"count":1,"href":"https:\/\/arroyitoonline.com.ar\/index.php?rest_route=\/wp\/v2\/posts\/14740\/revisions"}],"predecessor-version":[{"id":14741,"href":"https:\/\/arroyitoonline.com.ar\/index.php?rest_route=\/wp\/v2\/posts\/14740\/revisions\/14741"}],"wp:featuredmedia":[{"embeddable":true,"href":"https:\/\/arroyitoonline.com.ar\/index.php?rest_route=\/wp\/v2\/media\/9009"}],"wp:attachment":[{"href":"https:\/\/arroyitoonline.com.ar\/index.php?rest_route=%2Fwp%2Fv2%2Fmedia&parent=14740"}],"wp:term":[{"taxonomy":"category","embeddable":true,"href":"https:\/\/arroyitoonline.com.ar\/index.php?rest_route=%2Fwp%2Fv2%2Fcategories&post=14740"},{"taxonomy":"post_tag","embeddable":true,"href":"https:\/\/arroyitoonline.com.ar\/index.php?rest_route=%2Fwp%2Fv2%2Ftags&post=14740"}],"curies":[{"name":"wp","href":"https:\/\/api.w.org\/{rel}","templated":true}]}}