{"id":14773,"date":"2022-09-27T18:53:35","date_gmt":"2022-09-27T18:53:35","guid":{"rendered":"https:\/\/arroyitoonline.com.ar\/?p=14773"},"modified":"2022-09-27T18:53:36","modified_gmt":"2022-09-27T18:53:36","slug":"el-gobierno-municipal-inauguro-el-autodromo-miguel-kapi-dominguez","status":"publish","type":"post","link":"https:\/\/arroyitoonline.com.ar\/?p=14773","title":{"rendered":"El Gobierno Municipal inaugur\u00f3 el Aut\u00f3dromo Miguel &#8220;Kapi&#8221; Dom\u00ednguez"},"content":{"rendered":"\n<p><strong>En este marco, se corri\u00f3 una fecha del Turismo del Centro Santafesino. Las carreras de autos se denominaron Iv\u00e1n \u201cBam Bam\u201d Badino y las de karting, Facundo \u201cRata\u201d Almada.<\/strong><\/p>\n\n\n\n<p>El domingo 25 de septiembre, la Direcci\u00f3n de Deportes y Coordinaci\u00f3n de Turismo dej\u00f3 inaugurado el<strong> Aut\u00f3dromo Municipal Miguel \u201cKapi\u201d Dom\u00ednguez, en el marco de una fecha del Turismo del Centro Santafesino<\/strong>.<\/p>\n\n\n\n<p>Luego de un a\u00f1o y medio de arduo trabajo, la Federaci\u00f3n Regional de Automovilismo de C\u00f3rdoba (FRAD) N\u00b0 5, juntamente con la Federaci\u00f3n de Clubes y Pilotos de la provincia de Santa Fe, autorizaron que esta fecha del Turismo del Centro Santafesino se corra en nuestra ciudad. <\/p>\n\n\n\n<p>En la oportunidad, corrieron dos categor\u00edas de karting (livianos y pesados) y cuatro de autos (f\u00f3rmula 4, f\u00f3rmula 6, Buggy Renault, y Monomarca Fiat).<\/p>\n\n\n\n<p>Pese a las inclemencias del tiempo, la familia fierrera acompa\u00f1\u00f3 durante todo el d\u00eda y m\u00e1s de 700 personas y deportistas disfrutaron del evento.<\/p>\n\n\n\n<p>El intendente Gustavo Benedetti, la viceintendente Mar\u00eda Jos\u00e9 Esp\u00f3sito y funcionarios recordaron al <strong>locutor local y a<\/strong> <strong>dos deportistas fallecidos <\/strong>y encabezaron la inauguraci\u00f3n del aut\u00f3dromo, donde tambi\u00e9n estuvieron presentes:<\/p>\n\n\n\n<ul class=\"wp-block-list\"><li>Familiares de\u00a0<strong>\u00abKapi\u00bb Dom\u00ednguez<\/strong>: en honor al gran locutor deportivo,\u00a0<strong>el aut\u00f3dromo lleva su nombre.<\/strong><\/li><li>Familiares de Iv\u00e1n \u201cBam Bam\u201d Badino. En su honor, las carreras de autos llevaron el nombre:\u00a0<strong>GRAN PREMIO IV\u00c1N \u00abBAM BAM \u00bb BADINO.<\/strong><\/li><li>Familiares de Facundo Almada. En su honor, las carreras de karting llevaron el nombre:\u00a0<strong>GRAN PREMIO FACUNDO \u201cRATA\u201d ALMADA.<\/strong><\/li><\/ul>\n\n\n\n<p>Por su parte, el circuito de autos de 1400 metros lleva el nombre\u00a0<strong>\u00abFamilia Maranzana\u00bb<\/strong>\u00a0en agradecimiento a Pablo Maranzana por su acompa\u00f1amiento constante.<\/p>\n\n\n\n<p>Por \u00faltimo, desde el Municipio, brindaron un agradecimiento especial a la Frad 5 y a Diego Lambetti, presidente del Turismo del Centro Santafesino.<\/p>\n","protected":false},"excerpt":{"rendered":"<p>En este marco, se corri\u00f3 una fecha del Turismo del Centro Santafesino. Las carreras de autos se denominaron Iv\u00e1n \u201cBam&hellip;<\/p>\n","protected":false},"author":3,"featured_media":14774,"comment_status":"closed","ping_status":"open","sticky":false,"template":"","format":"standard","meta":{"footnotes":""},"categories":[3],"tags":[66,67,836,1335,85,276,277,1102,1311,556,572],"class_list":["post-14773","post","type-post","status-publish","format-standard","has-post-thumbnail","hentry","category-infodeporte","tag-arroyito","tag-arroyito-cordoba","tag-arroyito-online","tag-autodromo-municipal-miguel-kapi-dominguez","tag-automovilismo","tag-deporte","tag-deportes","tag-gobierno-municipal","tag-karting-de-asfalto-cordobes","tag-municipalidad-de-arroyito","tag-noticias-de-arroyito-y-zona"],"_links":{"self":[{"href":"https:\/\/arroyitoonline.com.ar\/index.php?rest_route=\/wp\/v2\/posts\/14773","targetHints":{"allow":["GET"]}}],"collection":[{"href":"https:\/\/arroyitoonline.com.ar\/index.php?rest_route=\/wp\/v2\/posts"}],"about":[{"href":"https:\/\/arroyitoonline.com.ar\/index.php?rest_route=\/wp\/v2\/types\/post"}],"author":[{"embeddable":true,"href":"https:\/\/arroyitoonline.com.ar\/index.php?rest_route=\/wp\/v2\/users\/3"}],"replies":[{"embeddable":true,"href":"https:\/\/arroyitoonline.com.ar\/index.php?rest_route=%2Fwp%2Fv2%2Fcomments&post=14773"}],"version-history":[{"count":1,"href":"https:\/\/arroyitoonline.com.ar\/index.php?rest_route=\/wp\/v2\/posts\/14773\/revisions"}],"predecessor-version":[{"id":14775,"href":"https:\/\/arroyitoonline.com.ar\/index.php?rest_route=\/wp\/v2\/posts\/14773\/revisions\/14775"}],"wp:featuredmedia":[{"embeddable":true,"href":"https:\/\/arroyitoonline.com.ar\/index.php?rest_route=\/wp\/v2\/media\/14774"}],"wp:attachment":[{"href":"https:\/\/arroyitoonline.com.ar\/index.php?rest_route=%2Fwp%2Fv2%2Fmedia&parent=14773"}],"wp:term":[{"taxonomy":"category","embeddable":true,"href":"https:\/\/arroyitoonline.com.ar\/index.php?rest_route=%2Fwp%2Fv2%2Fcategories&post=14773"},{"taxonomy":"post_tag","embeddable":true,"href":"https:\/\/arroyitoonline.com.ar\/index.php?rest_route=%2Fwp%2Fv2%2Ftags&post=14773"}],"curies":[{"name":"wp","href":"https:\/\/api.w.org\/{rel}","templated":true}]}}