{"id":14787,"date":"2022-09-29T15:09:12","date_gmt":"2022-09-29T15:09:12","guid":{"rendered":"https:\/\/arroyitoonline.com.ar\/?p=14787"},"modified":"2022-09-29T15:09:13","modified_gmt":"2022-09-29T15:09:13","slug":"detuvieron-a-un-hombre-y-le-secuestraron-armas-por-un-hecho-de-violencia-familiar","status":"publish","type":"post","link":"https:\/\/arroyitoonline.com.ar\/?p=14787","title":{"rendered":"Detuvieron a un hombre y le secuestraron armas por un hecho de violencia familiar"},"content":{"rendered":"\n<p><strong>El allanamiento se desarroll\u00f3 en una vivienda ubicada sobre calle Jos\u00e9 Quintela s\/n. El detenido tiene 45 a\u00f1os.<\/strong><\/p>\n\n\n\n<p>A las 18:45 horas del domingo 25, personal policial se constituy\u00f3 en una vivienda ubicada sobre calle Jos\u00e9 Quintela s\/n. En el lugar, uniformados realizaron un allanamiento en el que detuvieron a un hombre de 45 a\u00f1os, secuestraron dos rifles de aire comprimido, una escopeta, cajas de cartuchos, balines y un tel\u00e9fono celular.<\/p>\n\n\n\n<p>Todo est\u00e1 relacionado a un hecho que se investiga caratulado como violencia familiar ocurrido el mismo d\u00eda, en el que result\u00f3 damnificada una mujer. El detenido fue trasladado a la Comisar\u00eda local, donde qued\u00f3 alojado a disposici\u00f3n de la Fiscal\u00eda de Instrucci\u00f3n de Arroyito.<\/p>\n\n\n\n<p>Fuente: secci\u00f3n Prensa UR Departamental San Justo. <\/p>\n","protected":false},"excerpt":{"rendered":"<p>El allanamiento se desarroll\u00f3 en una vivienda ubicada sobre calle Jos\u00e9 Quintela s\/n. El detenido tiene 45 a\u00f1os. A las&hellip;<\/p>\n","protected":false},"author":3,"featured_media":9908,"comment_status":"closed","ping_status":"open","sticky":false,"template":"","format":"standard","meta":{"footnotes":""},"categories":[824],"tags":[66,67,836,550,572,635,637,638,825,808,809,810],"class_list":["post-14787","post","type-post","status-publish","format-standard","has-post-thumbnail","hentry","category-policiales-online","tag-arroyito","tag-arroyito-cordoba","tag-arroyito-online","tag-mujeres","tag-noticias-de-arroyito-y-zona","tag-policia","tag-policiales","tag-policiales-arroyito","tag-policiales-online","tag-violencia","tag-violencia-de-genero","tag-violencia-familiar"],"_links":{"self":[{"href":"https:\/\/arroyitoonline.com.ar\/index.php?rest_route=\/wp\/v2\/posts\/14787","targetHints":{"allow":["GET"]}}],"collection":[{"href":"https:\/\/arroyitoonline.com.ar\/index.php?rest_route=\/wp\/v2\/posts"}],"about":[{"href":"https:\/\/arroyitoonline.com.ar\/index.php?rest_route=\/wp\/v2\/types\/post"}],"author":[{"embeddable":true,"href":"https:\/\/arroyitoonline.com.ar\/index.php?rest_route=\/wp\/v2\/users\/3"}],"replies":[{"embeddable":true,"href":"https:\/\/arroyitoonline.com.ar\/index.php?rest_route=%2Fwp%2Fv2%2Fcomments&post=14787"}],"version-history":[{"count":1,"href":"https:\/\/arroyitoonline.com.ar\/index.php?rest_route=\/wp\/v2\/posts\/14787\/revisions"}],"predecessor-version":[{"id":14788,"href":"https:\/\/arroyitoonline.com.ar\/index.php?rest_route=\/wp\/v2\/posts\/14787\/revisions\/14788"}],"wp:featuredmedia":[{"embeddable":true,"href":"https:\/\/arroyitoonline.com.ar\/index.php?rest_route=\/wp\/v2\/media\/9908"}],"wp:attachment":[{"href":"https:\/\/arroyitoonline.com.ar\/index.php?rest_route=%2Fwp%2Fv2%2Fmedia&parent=14787"}],"wp:term":[{"taxonomy":"category","embeddable":true,"href":"https:\/\/arroyitoonline.com.ar\/index.php?rest_route=%2Fwp%2Fv2%2Fcategories&post=14787"},{"taxonomy":"post_tag","embeddable":true,"href":"https:\/\/arroyitoonline.com.ar\/index.php?rest_route=%2Fwp%2Fv2%2Ftags&post=14787"}],"curies":[{"name":"wp","href":"https:\/\/api.w.org\/{rel}","templated":true}]}}