{"id":14823,"date":"2022-10-17T15:18:20","date_gmt":"2022-10-17T15:18:20","guid":{"rendered":"https:\/\/arroyitoonline.com.ar\/?p=14823"},"modified":"2022-10-17T15:18:21","modified_gmt":"2022-10-17T15:18:21","slug":"detuvieron-a-un-hombre-que-causo-danos-en-una-despensa-y-amenazo-a-policias","status":"publish","type":"post","link":"https:\/\/arroyitoonline.com.ar\/?p=14823","title":{"rendered":"Detuvieron a un hombre que caus\u00f3 da\u00f1os en una despensa y amenaz\u00f3 a polic\u00edas"},"content":{"rendered":"\n<p><strong> El sujeto de 41 a\u00f1os, que rompi\u00f3 la vidriera del negocio, fue trasladado a la Comisar\u00eda.<\/strong><\/p>\n\n\n\n<p>A las 20:50 horas del s\u00e1bado, personal policial entrevist\u00f3 al propietario de una despensa. El hombre de 65 a\u00f1os manifest\u00f3 que, momentos antes, un cliente (41) que estaba en el comercio y se encontraba alterado, rompi\u00f3 la vidriera del local.<\/p>\n\n\n\n<p>Cuando los polic\u00edas intentaron que el hombre desistiera de su actitud y calmarlo, el sujeto comenz\u00f3 a amenazarlos, por lo que procedieron a su aprehensi\u00f3n traslad\u00e1ndolo a la Comisar\u00eda local, donde qued\u00f3 alojado a disposici\u00f3n de la Fiscal\u00eda de Instrucci\u00f3n de Arroyito.<\/p>\n\n\n\n<p>Fuente: secci\u00f3n Prensa UR Departamental San Justo. <\/p>\n","protected":false},"excerpt":{"rendered":"<p>El sujeto de 41 a\u00f1os, que rompi\u00f3 la vidriera del negocio, fue trasladado a la Comisar\u00eda. A las 20:50 horas&hellip;<\/p>\n","protected":false},"author":3,"featured_media":9911,"comment_status":"closed","ping_status":"open","sticky":false,"template":"","format":"standard","meta":{"footnotes":""},"categories":[824],"tags":[66,67,836,217,266,572,635,637,638,825],"class_list":["post-14823","post","type-post","status-publish","format-standard","has-post-thumbnail","hentry","category-policiales-online","tag-arroyito","tag-arroyito-cordoba","tag-arroyito-online","tag-comercio","tag-danos","tag-noticias-de-arroyito-y-zona","tag-policia","tag-policiales","tag-policiales-arroyito","tag-policiales-online"],"_links":{"self":[{"href":"https:\/\/arroyitoonline.com.ar\/index.php?rest_route=\/wp\/v2\/posts\/14823","targetHints":{"allow":["GET"]}}],"collection":[{"href":"https:\/\/arroyitoonline.com.ar\/index.php?rest_route=\/wp\/v2\/posts"}],"about":[{"href":"https:\/\/arroyitoonline.com.ar\/index.php?rest_route=\/wp\/v2\/types\/post"}],"author":[{"embeddable":true,"href":"https:\/\/arroyitoonline.com.ar\/index.php?rest_route=\/wp\/v2\/users\/3"}],"replies":[{"embeddable":true,"href":"https:\/\/arroyitoonline.com.ar\/index.php?rest_route=%2Fwp%2Fv2%2Fcomments&post=14823"}],"version-history":[{"count":1,"href":"https:\/\/arroyitoonline.com.ar\/index.php?rest_route=\/wp\/v2\/posts\/14823\/revisions"}],"predecessor-version":[{"id":14824,"href":"https:\/\/arroyitoonline.com.ar\/index.php?rest_route=\/wp\/v2\/posts\/14823\/revisions\/14824"}],"wp:featuredmedia":[{"embeddable":true,"href":"https:\/\/arroyitoonline.com.ar\/index.php?rest_route=\/wp\/v2\/media\/9911"}],"wp:attachment":[{"href":"https:\/\/arroyitoonline.com.ar\/index.php?rest_route=%2Fwp%2Fv2%2Fmedia&parent=14823"}],"wp:term":[{"taxonomy":"category","embeddable":true,"href":"https:\/\/arroyitoonline.com.ar\/index.php?rest_route=%2Fwp%2Fv2%2Fcategories&post=14823"},{"taxonomy":"post_tag","embeddable":true,"href":"https:\/\/arroyitoonline.com.ar\/index.php?rest_route=%2Fwp%2Fv2%2Ftags&post=14823"}],"curies":[{"name":"wp","href":"https:\/\/api.w.org\/{rel}","templated":true}]}}