{"id":14825,"date":"2022-10-17T15:28:21","date_gmt":"2022-10-17T15:28:21","guid":{"rendered":"https:\/\/arroyitoonline.com.ar\/?p=14825"},"modified":"2022-10-17T15:28:21","modified_gmt":"2022-10-17T15:28:21","slug":"un-hombre-fue-detenido-por-agredir-a-menor-que-entro-a-su-galpon-sin-permiso","status":"publish","type":"post","link":"https:\/\/arroyitoonline.com.ar\/?p=14825","title":{"rendered":"Un hombre fue detenido por agredir a menor que entr\u00f3 a su galp\u00f3n sin permiso"},"content":{"rendered":"\n<p><strong>Seg\u00fan la madre del chico de 16 a\u00f1os, su hijo ingres\u00f3 al inmueble en b\u00fasqueda de una pelota.<\/strong><\/p>\n\n\n\n<p>A las 3:00 de la madrugada del viernes, personal policial se constituy\u00f3 en un domicilio de calle Coronel \u00c1lvarez al 1100. En el lugar, una mujer de 33 a\u00f1os manifest\u00f3 que, momentos antes, su hijo menor de 16 fue agredido cuando ingres\u00f3 a un galp\u00f3n ajeno a buscar una pelota.<\/p>\n\n\n\n<p>Luego, el propietario del galp\u00f3n (36) explic\u00f3 que observ\u00f3, a trav\u00e9s de las c\u00e1maras de seguridad, c\u00f3mo el joven entraba sin autorizaci\u00f3n. El due\u00f1o del inmueble fue detenido y trasladado a la Comisar\u00eda local, donde qued\u00f3 alojado a disposici\u00f3n de la Fiscal\u00eda de Instrucci\u00f3n de Arroyito, por lesiones graves.<\/p>\n\n\n\n<p>Fuente: secci\u00f3n Prensa UR Departamental San Justo.<\/p>\n","protected":false},"excerpt":{"rendered":"<p>Seg\u00fan la madre del chico de 16 a\u00f1os, su hijo ingres\u00f3 al inmueble en b\u00fasqueda de una pelota. A las&hellip;<\/p>\n","protected":false},"author":3,"featured_media":8867,"comment_status":"closed","ping_status":"open","sticky":false,"template":"","format":"standard","meta":{"footnotes":""},"categories":[824],"tags":[37,66,67,836,530,572,635,637,638,825],"class_list":["post-14825","post","type-post","status-publish","format-standard","has-post-thumbnail","hentry","category-policiales-online","tag-agresion","tag-arroyito","tag-arroyito-cordoba","tag-arroyito-online","tag-menores","tag-noticias-de-arroyito-y-zona","tag-policia","tag-policiales","tag-policiales-arroyito","tag-policiales-online"],"_links":{"self":[{"href":"https:\/\/arroyitoonline.com.ar\/index.php?rest_route=\/wp\/v2\/posts\/14825","targetHints":{"allow":["GET"]}}],"collection":[{"href":"https:\/\/arroyitoonline.com.ar\/index.php?rest_route=\/wp\/v2\/posts"}],"about":[{"href":"https:\/\/arroyitoonline.com.ar\/index.php?rest_route=\/wp\/v2\/types\/post"}],"author":[{"embeddable":true,"href":"https:\/\/arroyitoonline.com.ar\/index.php?rest_route=\/wp\/v2\/users\/3"}],"replies":[{"embeddable":true,"href":"https:\/\/arroyitoonline.com.ar\/index.php?rest_route=%2Fwp%2Fv2%2Fcomments&post=14825"}],"version-history":[{"count":1,"href":"https:\/\/arroyitoonline.com.ar\/index.php?rest_route=\/wp\/v2\/posts\/14825\/revisions"}],"predecessor-version":[{"id":14826,"href":"https:\/\/arroyitoonline.com.ar\/index.php?rest_route=\/wp\/v2\/posts\/14825\/revisions\/14826"}],"wp:featuredmedia":[{"embeddable":true,"href":"https:\/\/arroyitoonline.com.ar\/index.php?rest_route=\/wp\/v2\/media\/8867"}],"wp:attachment":[{"href":"https:\/\/arroyitoonline.com.ar\/index.php?rest_route=%2Fwp%2Fv2%2Fmedia&parent=14825"}],"wp:term":[{"taxonomy":"category","embeddable":true,"href":"https:\/\/arroyitoonline.com.ar\/index.php?rest_route=%2Fwp%2Fv2%2Fcategories&post=14825"},{"taxonomy":"post_tag","embeddable":true,"href":"https:\/\/arroyitoonline.com.ar\/index.php?rest_route=%2Fwp%2Fv2%2Ftags&post=14825"}],"curies":[{"name":"wp","href":"https:\/\/api.w.org\/{rel}","templated":true}]}}