{"id":14828,"date":"2022-10-17T20:59:28","date_gmt":"2022-10-17T20:59:28","guid":{"rendered":"https:\/\/arroyitoonline.com.ar\/?p=14828"},"modified":"2022-10-17T21:01:49","modified_gmt":"2022-10-17T21:01:49","slug":"caso-aton-ordenaron-que-el-imputado-realice-tareas-comunitarias-en-el-refugio-canino-y-done-balanceado","status":"publish","type":"post","link":"https:\/\/arroyitoonline.com.ar\/?p=14828","title":{"rendered":"Caso Aton: ordenaron que el imputado realice tareas comunitarias en el Refugio Canino y done balanceado"},"content":{"rendered":"\n<p><strong>En el a\u00f1o 2020, el perro fue atacado en la v\u00eda p\u00fablica mediante un disparo con rifle de aire comprimido, que impact\u00f3 en su columna vertebral. <\/strong><\/p>\n\n\n\n<p>El viernes pasado, se desarroll\u00f3 en el Poder Judicial de nuestra ciudad, la audiencia de suspensi\u00f3n de juicio a prueba por el caso Aton. La suspensi\u00f3n del juicio a prueba, tambi\u00e9n conocida como \u201cProbation\u201d es una forma de extinci\u00f3n de la acci\u00f3n penal respecto del imputado que cumpli\u00f3 determinadas reglas de conducta durante un per\u00edodo de prueba fijado por el tribunal que la concedi\u00f3, siempre que se re\u00fanan los recaudos legalmente establecidos.<\/p>\n\n\n\n<p>En la oportunidad, fue citado el imputado Dar\u00edo Rub\u00e9n Capoano, por supuesto autor de infracci\u00f3n a la Ley 14.346, en su art\u00edculo 3 (ser\u00e1n considerados actos de crueldad) inciso 7 (Lastimar y arrollar animales intencionalmente, causarles torturas o sufrimientos innecesarios o matarlos por solo esp\u00edritu de perversidad).<\/p>\n\n\n\n<p>Recordemos que el 8 de junio de 2020, alrededor de las 12:15 AM, el perro llamado Aton fue atacado en la v\u00eda p\u00fablica. Le dispararon con un rifle de aire comprimido calibre 5.5 mil\u00edmetros marca Stoeger impactando en su columna vertebral. Lo cual le provoc\u00f3 una lesi\u00f3n perforante en la zona dorsal ocasion\u00e1ndole trauma medular agudo con consecuencias graves para la funci\u00f3n motora de sus miembros posteriores.<\/p>\n\n\n\n<p>Al d\u00eda siguiente, el 9 de junio de 2020 a las 18:00 horas, la Polic\u00eda allan\u00f3 el inmueble donde vive el imputado arrojando el procedimiento resultado positivo. En el interior del lugar se secuestr\u00f3 el rifle de aire comprimido marca Stoeger calibre 5.5 mil\u00edmetros, que se encontraba debajo de la cama, junto a una caja de 100 balines, que conten\u00eda 60 unidades.<\/p>\n\n\n\n<p>Seg\u00fan lo determin\u00f3 la Justicia, Capoano deber\u00e1 realizar tareas comunitarias en el Refugio Canino Municipal Mat\u00edas Bruno, que ser\u00e1n supervisadas por la encargada y por un integrante de la ONG animalista, Coraz\u00f3n de Trapo. Adem\u00e1s, tendr\u00e1 que comprar 10 bolsas de balanceado de buena calidad de 15 kg cada una, que deber\u00e1 entregar a la mencionada asociaci\u00f3n civil. Tambi\u00e9n deber\u00e1 participar de talleres de educaci\u00f3n, concientizaci\u00f3n y sensibilizaci\u00f3n hac\u00eda los animales no humanos en el lapso de un mes.<\/p>\n\n\n\n<p>Desde Coraz\u00f3n de Trapo compartieron la informaci\u00f3n y expresaron su agradecimiento a las letradas Mar\u00eda Bel\u00e9n Medrano y Gretel Monserrat, del Colegio de Abogados Animalista de San Francisco, <em>\u201cquienes trabajan en conjunto desde la Fundaci\u00f3n BioAnimalis ONG con nuestra asociaci\u00f3n civil\u201d<\/em>.<\/p>\n\n\n\n<p>Por su parte, hicieron extensivo el agradecimiento <em>\u201cal m\u00e9dico veterinario Roberto Ferrero de la ciudad de San Francisco que, tras seis horas de cirug\u00eda, pudo extraer el proyectil de la columna de Aton y a los veterinarios Walter Folco, por estabilizarlo y cuidarlo hasta su traslado, y Sara Reta, que le realizaba los tratamientos para calmar su dolor y lo tuvo en guarder\u00eda unos meses\u201d<\/em>.<\/p>\n\n\n\n<p>Desde Coraz\u00f3n de Trapo destacaron <em>\u201cel gran accionar de los j\u00f3venes de nuestra ciudad que lo paseaban con mucho amor y cuidados en su carrito para alegrar sus d\u00edas tristes\u201d<\/em>.<\/p>\n\n\n\n<p>Y agregaron que <em>\u201cAton era un perro comunitario muy querido por las personas. Finalmente fue adoptado por Judhit Frutos y su hijo Valent\u00edn, que lo amaron y cuidaron hasta los \u00faltimos d\u00edas de su vida\u201d<\/em>. &nbsp;Aton falleci\u00f3, a causa de las secuelas del ataque sufrido, en el mes de abril de este a\u00f1o.<\/p>\n\n\n\n<p>Por \u00faltimo, remarcaron: <em>\u201c\u00a1En tu nombre ser\u00e1 justicia, Aton querido, y en nombre de todos los animales que sufren a causa de la humanidad! Mientras ellos no tengan voz, no dejar\u00e1n de escuchar la nuestra\u201d.<\/em><\/p>\n","protected":false},"excerpt":{"rendered":"<p>En el a\u00f1o 2020, el perro fue atacado en la v\u00eda p\u00fablica mediante un disparo con rifle de aire comprimido,&hellip;<\/p>\n","protected":false},"author":3,"featured_media":14829,"comment_status":"closed","ping_status":"open","sticky":false,"template":"","format":"standard","meta":{"footnotes":""},"categories":[824],"tags":[52,66,67,836,1337,243,514,572,635,637,638,825],"class_list":["post-14828","post","type-post","status-publish","format-standard","has-post-thumbnail","hentry","category-policiales-online","tag-animales","tag-arroyito","tag-arroyito-cordoba","tag-arroyito-online","tag-caso-aton","tag-corazon-de-trapo","tag-maltrato-animal","tag-noticias-de-arroyito-y-zona","tag-policia","tag-policiales","tag-policiales-arroyito","tag-policiales-online"],"_links":{"self":[{"href":"https:\/\/arroyitoonline.com.ar\/index.php?rest_route=\/wp\/v2\/posts\/14828","targetHints":{"allow":["GET"]}}],"collection":[{"href":"https:\/\/arroyitoonline.com.ar\/index.php?rest_route=\/wp\/v2\/posts"}],"about":[{"href":"https:\/\/arroyitoonline.com.ar\/index.php?rest_route=\/wp\/v2\/types\/post"}],"author":[{"embeddable":true,"href":"https:\/\/arroyitoonline.com.ar\/index.php?rest_route=\/wp\/v2\/users\/3"}],"replies":[{"embeddable":true,"href":"https:\/\/arroyitoonline.com.ar\/index.php?rest_route=%2Fwp%2Fv2%2Fcomments&post=14828"}],"version-history":[{"count":5,"href":"https:\/\/arroyitoonline.com.ar\/index.php?rest_route=\/wp\/v2\/posts\/14828\/revisions"}],"predecessor-version":[{"id":14834,"href":"https:\/\/arroyitoonline.com.ar\/index.php?rest_route=\/wp\/v2\/posts\/14828\/revisions\/14834"}],"wp:featuredmedia":[{"embeddable":true,"href":"https:\/\/arroyitoonline.com.ar\/index.php?rest_route=\/wp\/v2\/media\/14829"}],"wp:attachment":[{"href":"https:\/\/arroyitoonline.com.ar\/index.php?rest_route=%2Fwp%2Fv2%2Fmedia&parent=14828"}],"wp:term":[{"taxonomy":"category","embeddable":true,"href":"https:\/\/arroyitoonline.com.ar\/index.php?rest_route=%2Fwp%2Fv2%2Fcategories&post=14828"},{"taxonomy":"post_tag","embeddable":true,"href":"https:\/\/arroyitoonline.com.ar\/index.php?rest_route=%2Fwp%2Fv2%2Ftags&post=14828"}],"curies":[{"name":"wp","href":"https:\/\/api.w.org\/{rel}","templated":true}]}}