{"id":14839,"date":"2022-10-19T15:27:53","date_gmt":"2022-10-19T15:27:53","guid":{"rendered":"https:\/\/arroyitoonline.com.ar\/?p=14839"},"modified":"2022-10-19T15:27:55","modified_gmt":"2022-10-19T15:27:55","slug":"a-puro-candombe-llega-tonterias-la-nueva-cancion-del-segundo-disco-de-juanjo-ceccon","status":"publish","type":"post","link":"https:\/\/arroyitoonline.com.ar\/?p=14839","title":{"rendered":"A puro candombe llega &#8220;Tonter\u00edas&#8221;, la nueva canci\u00f3n del segundo disco de Juanjo Cecc\u00f3n"},"content":{"rendered":"\n<p><strong>Se trata de un tema con letra triste, m\u00fasica alegre y un potente estribillo, lo que caracteriza al <em>&#8220;fabricante de hits&#8221;<\/em> de Arroyito.<\/strong><\/p>\n\n\n\n<p>Este jueves a la medianoche (hora cero del viernes 21), Juanjo Cecc\u00f3n estrenar\u00e1 en plataformas digitales, el quinto single de su segundo disco, Sinfon\u00edas, que tiene un total de ocho temas y se encuentra en la etapa final de grabaci\u00f3n. &#8220;Tonter\u00edas&#8221; es el nombre elegido para la nueva canci\u00f3n del int\u00e9rprete de Arroyito, que no se cansa de fabricar hits. <\/p>\n\n\n\n<p>Sobre &#8220;Tonter\u00edas&#8221;, el m\u00fasico cont\u00f3 a Arroyito Online que <em>&#8220;tiene el ritmo del candombe, el ritmo del R\u00edo de la Plata, con unos toques de hip hop en el medio, que es un g\u00e9nero que no hab\u00eda experimentado y, la verdad, que el resultado me gust\u00f3 much\u00edsimo; con un estribillo potente, una letra triste pero con m\u00fasica alegre (como me gusta a m\u00ed) y espero que a todo el mundo le guste&#8221;<\/em>.<\/p>\n\n\n\n<p>La canci\u00f3n fue producida por Mariano Braun y Nelson Pombal, como todo el material discogr\u00e1fico. <em>&#8220;Es un candombe rock hermoso. En principio era una balada al piano, pero decid\u00ed darle una vueltita de rosca. Sumamos a Javier Allende, que es un baterista, un percusionista excelente perteneciente a la Sinf\u00f3nica de Rosario. Es un disco muy rosarino, hay muchos m\u00fasicos rosarinos participando. En los dos \u00faltimos temas tambi\u00e9n va a haber invitados de la ciudad de Fito. Mariano Braun es de Rosario y estuve grabando parte del disco all\u00e1&#8221;<\/em>, agreg\u00f3 el cantautor de Arroyito.<\/p>\n\n\n\n<p>El videoclip de &#8220;Tonter\u00edas&#8221; saldr\u00e1 en los pr\u00f3ximos d\u00edas. Es un trabajo que vuelve a encontrar a Juanjo con un viejo amigo, el realizador audiovisual tambi\u00e9n de Arroyito, Dani Strubia. <em>&#8220;Su trabajo excelente y tiene la generosidad de compartirlo conmigo, es un gran artista&#8221;<\/em>, manifest\u00f3 Cecc\u00f3n.<\/p>\n\n\n\n<figure class=\"wp-block-embed aligncenter is-type-wp-embed is-provider-arroyito-online wp-block-embed-arroyito-online\"><div class=\"wp-block-embed__wrapper\">\nhttps:\/\/arroyitoonline.com.ar\/info-online\/espectaculos-online\/esta-noche-se-estrena-sinfonias-el-single-que-le-da-nombre-al-segundo-disco-de-juanjo-ceccon\/\n<\/div><\/figure>\n\n\n\n<p><strong>Sobre Sinfon\u00edas<\/strong><\/p>\n\n\n\n<p><em>&#8220;Me agarra nostalgia, pero estoy recontra feliz, porque fue un disco atravesado por la pandemia y por situaciones personales que me tocaron, fue muy especial el proceso. Es una misi\u00f3n cumplida, porque ya est\u00e1 en las \u00faltimas horas de grabaci\u00f3n. Ahora, a empezar a pensar a sacarlo a pasear, a presentarlo por ah\u00ed.&#8221;<\/em>, expres\u00f3 Juanjo. <\/p>\n\n\n\n<p>Adem\u00e1s, Juanjo anticip\u00f3 que pronto estar\u00e1 en Arroyito y la zona tocando. Pero antes, este domingo 23 har\u00e1 el cierre de la gala del cumplea\u00f1os de Rafaela, ciudad donde hoy se encuentra radicado. Tocar\u00e1 una canci\u00f3n propia que se llama El viento trae tu nombre (<em>&#8220;que la vamos a grabar pronto&#8221;<\/em>), a modo sinf\u00f3nico, junto a la Banda Municipal de Rafaela, la Orquesta Municipal de Tango y el coro local. Cerrar\u00e1 la noche, en el Cine Teatro Belgrano: <em>&#8220;es un lugar m\u00edtico de la ciudad, donde han tocado los mejores artistas de la Argentina. Estoy super orgulloso, octubre se vino con muchos muchos proyectos, mucha m\u00fasica por suerte&#8221;<\/em>, coment\u00f3 muy entusiasmado.<\/p>\n","protected":false},"excerpt":{"rendered":"<p>Se trata de un tema con letra triste, m\u00fasica alegre y un potente estribillo, lo que caracteriza al &#8220;fabricante de&hellip;<\/p>\n","protected":false},"author":3,"featured_media":14844,"comment_status":"closed","ping_status":"open","sticky":false,"template":"","format":"standard","meta":{"footnotes":""},"categories":[2,826],"tags":[66,67,836,864,351,862,472,559,572,676],"class_list":["post-14839","post","type-post","status-publish","format-standard","has-post-thumbnail","hentry","category-cultura-y-espectaculos","category-espectaculos-online","tag-arroyito","tag-arroyito-cordoba","tag-arroyito-online","tag-cultura-y-espectaculos-online","tag-espectaculos","tag-espectaculos-online","tag-juanjo-ceccon","tag-musica","tag-noticias-de-arroyito-y-zona","tag-redes-sociales"],"_links":{"self":[{"href":"https:\/\/arroyitoonline.com.ar\/index.php?rest_route=\/wp\/v2\/posts\/14839","targetHints":{"allow":["GET"]}}],"collection":[{"href":"https:\/\/arroyitoonline.com.ar\/index.php?rest_route=\/wp\/v2\/posts"}],"about":[{"href":"https:\/\/arroyitoonline.com.ar\/index.php?rest_route=\/wp\/v2\/types\/post"}],"author":[{"embeddable":true,"href":"https:\/\/arroyitoonline.com.ar\/index.php?rest_route=\/wp\/v2\/users\/3"}],"replies":[{"embeddable":true,"href":"https:\/\/arroyitoonline.com.ar\/index.php?rest_route=%2Fwp%2Fv2%2Fcomments&post=14839"}],"version-history":[{"count":4,"href":"https:\/\/arroyitoonline.com.ar\/index.php?rest_route=\/wp\/v2\/posts\/14839\/revisions"}],"predecessor-version":[{"id":14843,"href":"https:\/\/arroyitoonline.com.ar\/index.php?rest_route=\/wp\/v2\/posts\/14839\/revisions\/14843"}],"wp:featuredmedia":[{"embeddable":true,"href":"https:\/\/arroyitoonline.com.ar\/index.php?rest_route=\/wp\/v2\/media\/14844"}],"wp:attachment":[{"href":"https:\/\/arroyitoonline.com.ar\/index.php?rest_route=%2Fwp%2Fv2%2Fmedia&parent=14839"}],"wp:term":[{"taxonomy":"category","embeddable":true,"href":"https:\/\/arroyitoonline.com.ar\/index.php?rest_route=%2Fwp%2Fv2%2Fcategories&post=14839"},{"taxonomy":"post_tag","embeddable":true,"href":"https:\/\/arroyitoonline.com.ar\/index.php?rest_route=%2Fwp%2Fv2%2Ftags&post=14839"}],"curies":[{"name":"wp","href":"https:\/\/api.w.org\/{rel}","templated":true}]}}