{"id":14845,"date":"2022-10-20T13:46:59","date_gmt":"2022-10-20T13:46:59","guid":{"rendered":"https:\/\/arroyitoonline.com.ar\/?p=14845"},"modified":"2022-10-25T16:28:00","modified_gmt":"2022-10-25T16:28:00","slug":"comenzo-la-xiv-edicion-de-la-feria-del-libro-ines-davila-de-olocco","status":"publish","type":"post","link":"https:\/\/arroyitoonline.com.ar\/?p=14845","title":{"rendered":"Comenz\u00f3 la XXIV edici\u00f3n de la Feria del Libro &#8220;In\u00e9s D\u00e1vila de Olocco&#8221;"},"content":{"rendered":"\n<p><strong>La Plaza 25 de Mayo es sede de este evento bajo el slogan <em>&#8220;un libro te espera, descubrilo&#8221;<\/em>. <\/strong><\/p>\n\n\n\n<p>Bajo el slogan <strong><em>&#8220;un libro te espera, descubrilo&#8221;<\/em><\/strong>, este jueves 20 comenz\u00f3 la XXIV edici\u00f3n de la Feria del Libro &#8220;In\u00e9s D\u00e1vila de Olocco&#8221;, en la Plaza 25 de Mayo. El evento continuar\u00e1 el viernes 21, el s\u00e1bado 22 y el domingo 23 de octubre, con un amplio cronograma de actividades y conferencias. <\/p>\n\n\n\n<ul class=\"wp-block-list\"><li><strong>Jueves 20\/10 a las 16:00 h:<\/strong>\u00a0el dibujante cordob\u00e9s Lucho Luna presenta su historieta \u00abGato y Mancha\u00bb<\/li><li><strong>Jueves 20\/10 a las 17:00 h<\/strong>.: Luciana Gurciullo presenta su libro \u00abProfesi\u00f3n JAIME\u00bb<\/li><li><strong>Jueves 20\/10 a las 20:00 h<\/strong>: Andrea Carrasco presenta su libro \u00abRenacer, otra mirada\u00bb<\/li><li><strong>Viernes 21\/10 a las 21:00 h:<\/strong>\u00a0testimonio de vida del padre Sergio Fern\u00e1ndez, \u00abVivencias de un cura en Cuba\u00bb<\/li><li><strong>Viernes 21\/10 a las 15:00 y a las 17:00 h.<\/strong>: Graciela Vouilloud presenta el libro \u00abEl valor de la palabra\u00bb<\/li><li><strong>S\u00e1bado 22\/10 19:00 h.<\/strong>:\u00a0conferencia de Dar\u00edo Sandrone \u00abLa Filosof\u00eda de las Cosas y en las cosas\u00bb<\/li><li><strong>S\u00e1bado 22\/10 a las 21:00 h.:<\/strong>\u00a0el autor Charlie L\u00f3pez presenta \u00abSomos los que decimos\u00bb<\/li><li><strong>S\u00e1bado 22\/10 a las 20:00 h.:<\/strong>\u00a0conferencia de Juanjo Vargas \u00abEl viaje de la Comunicaci\u00f3n\u00bb<\/li><li><strong>Domingo 23\/10 a las 18:00 h:<\/strong>\u00a0presentaci\u00f3n del libro de Jorge Racca \u00abDiario de Malvinas\u00bb<\/li><li><strong>Domingo 23\/10 a las 19:00 h:<\/strong>\u00a0presentaci\u00f3n de libro de Jos\u00e9 Luis Colazo \u00abChacareras y chacareros\u00bb.<\/li><\/ul>\n","protected":false},"excerpt":{"rendered":"<p>La Plaza 25 de Mayo es sede de este evento bajo el slogan &#8220;un libro te espera, descubrilo&#8221;. Bajo el&hellip;<\/p>\n","protected":false},"author":3,"featured_media":14847,"comment_status":"closed","ping_status":"open","sticky":false,"template":"","format":"standard","meta":{"footnotes":""},"categories":[2],"tags":[66,67,836,117,886,364,1338,1102,492,499,572],"class_list":["post-14845","post","type-post","status-publish","format-standard","has-post-thumbnail","hentry","category-cultura-y-espectaculos","tag-arroyito","tag-arroyito-cordoba","tag-arroyito-online","tag-biblioteca","tag-biblioteca-municipal-popular-almafuerte","tag-feria-del-libro","tag-feria-del-libro-ines-davila-de-olocco","tag-gobierno-municipal","tag-libros","tag-literatura","tag-noticias-de-arroyito-y-zona"],"_links":{"self":[{"href":"https:\/\/arroyitoonline.com.ar\/index.php?rest_route=\/wp\/v2\/posts\/14845","targetHints":{"allow":["GET"]}}],"collection":[{"href":"https:\/\/arroyitoonline.com.ar\/index.php?rest_route=\/wp\/v2\/posts"}],"about":[{"href":"https:\/\/arroyitoonline.com.ar\/index.php?rest_route=\/wp\/v2\/types\/post"}],"author":[{"embeddable":true,"href":"https:\/\/arroyitoonline.com.ar\/index.php?rest_route=\/wp\/v2\/users\/3"}],"replies":[{"embeddable":true,"href":"https:\/\/arroyitoonline.com.ar\/index.php?rest_route=%2Fwp%2Fv2%2Fcomments&post=14845"}],"version-history":[{"count":4,"href":"https:\/\/arroyitoonline.com.ar\/index.php?rest_route=\/wp\/v2\/posts\/14845\/revisions"}],"predecessor-version":[{"id":14869,"href":"https:\/\/arroyitoonline.com.ar\/index.php?rest_route=\/wp\/v2\/posts\/14845\/revisions\/14869"}],"wp:featuredmedia":[{"embeddable":true,"href":"https:\/\/arroyitoonline.com.ar\/index.php?rest_route=\/wp\/v2\/media\/14847"}],"wp:attachment":[{"href":"https:\/\/arroyitoonline.com.ar\/index.php?rest_route=%2Fwp%2Fv2%2Fmedia&parent=14845"}],"wp:term":[{"taxonomy":"category","embeddable":true,"href":"https:\/\/arroyitoonline.com.ar\/index.php?rest_route=%2Fwp%2Fv2%2Fcategories&post=14845"},{"taxonomy":"post_tag","embeddable":true,"href":"https:\/\/arroyitoonline.com.ar\/index.php?rest_route=%2Fwp%2Fv2%2Ftags&post=14845"}],"curies":[{"name":"wp","href":"https:\/\/api.w.org\/{rel}","templated":true}]}}