{"id":14945,"date":"2022-11-22T14:35:20","date_gmt":"2022-11-22T14:35:20","guid":{"rendered":"https:\/\/arroyitoonline.com.ar\/?p=14945"},"modified":"2022-11-22T14:35:21","modified_gmt":"2022-11-22T14:35:21","slug":"anoche-detuvieron-al-hombre-que-se-habia-atrincherado-en-su-vivienda","status":"publish","type":"post","link":"https:\/\/arroyitoonline.com.ar\/?p=14945","title":{"rendered":"Anoche detuvieron al hombre que se hab\u00eda atrincherado en su vivienda"},"content":{"rendered":"\n<p><strong>El sujeto de 48 a\u00f1os qued\u00f3 alojado en la Comisar\u00eda, por delitos de amenazas calificadas, privaci\u00f3n ileg\u00edtima de la Libertad y resistencia a la autoridad.<\/strong><\/p>\n\n\n\n<p>Alrededor de las 16:00 horas de ayer fue solicitada la presencia policial en una vivienda ubicada sobre Av. Arturo Illia al 1300. En ese domicilio, un hombre de 48 a\u00f1os se encontraba alterado y, tras una discusi\u00f3n, amenaz\u00f3 a sus padres e hijo. El sujeto se atrinchero en la casa amenazando a los polic\u00edas que intentaban deponer y calmar su actitud. Debieron acudir efectivos del de Grupo T\u00e1ctico ETER, quienes momentos despu\u00e9s irrumpieron, pero el sujeto no estaba en el interior del inmueble.<\/p>\n\n\n\n<p>Se inici\u00f3 una b\u00fasqueda por la ciudad, siendo localizado horas m\u00e1s tarde en la intersecci\u00f3n de la Av. Illia y la calle Carratal\u00e1. Ante la presencia policial, el hombre inici\u00f3 la fuga campo abierto y, cuando fue alcanzado, opuso tenaz resistencia logrando ser detenido.<\/p>\n\n\n\n<p>Fue trasladado a la Comisar\u00eda local, donde qued\u00f3 alojado a disposici\u00f3n de Fiscal\u00eda de Instrucci\u00f3n de Arroyito por delitos de amenazas calificadas, privaci\u00f3n ileg\u00edtima de la Libertad y resistencia a la autoridad.<\/p>\n\n\n\n<p>Fuente: secci\u00f3n Prensa UR Departamental San Justo. <\/p>\n","protected":false},"excerpt":{"rendered":"<p>El sujeto de 48 a\u00f1os qued\u00f3 alojado en la Comisar\u00eda, por delitos de amenazas calificadas, privaci\u00f3n ileg\u00edtima de la Libertad&hellip;<\/p>\n","protected":false},"author":3,"featured_media":14946,"comment_status":"closed","ping_status":"open","sticky":false,"template":"","format":"standard","meta":{"footnotes":""},"categories":[824],"tags":[47,66,67,836,127,271,285,1325,572,635,637,638,825],"class_list":["post-14945","post","type-post","status-publish","format-standard","has-post-thumbnail","hentry","category-policiales-online","tag-allanamiento","tag-arroyito","tag-arroyito-cordoba","tag-arroyito-online","tag-bomberos-arroyito","tag-delitos","tag-detencion","tag-eter","tag-noticias-de-arroyito-y-zona","tag-policia","tag-policiales","tag-policiales-arroyito","tag-policiales-online"],"_links":{"self":[{"href":"https:\/\/arroyitoonline.com.ar\/index.php?rest_route=\/wp\/v2\/posts\/14945","targetHints":{"allow":["GET"]}}],"collection":[{"href":"https:\/\/arroyitoonline.com.ar\/index.php?rest_route=\/wp\/v2\/posts"}],"about":[{"href":"https:\/\/arroyitoonline.com.ar\/index.php?rest_route=\/wp\/v2\/types\/post"}],"author":[{"embeddable":true,"href":"https:\/\/arroyitoonline.com.ar\/index.php?rest_route=\/wp\/v2\/users\/3"}],"replies":[{"embeddable":true,"href":"https:\/\/arroyitoonline.com.ar\/index.php?rest_route=%2Fwp%2Fv2%2Fcomments&post=14945"}],"version-history":[{"count":1,"href":"https:\/\/arroyitoonline.com.ar\/index.php?rest_route=\/wp\/v2\/posts\/14945\/revisions"}],"predecessor-version":[{"id":14947,"href":"https:\/\/arroyitoonline.com.ar\/index.php?rest_route=\/wp\/v2\/posts\/14945\/revisions\/14947"}],"wp:featuredmedia":[{"embeddable":true,"href":"https:\/\/arroyitoonline.com.ar\/index.php?rest_route=\/wp\/v2\/media\/14946"}],"wp:attachment":[{"href":"https:\/\/arroyitoonline.com.ar\/index.php?rest_route=%2Fwp%2Fv2%2Fmedia&parent=14945"}],"wp:term":[{"taxonomy":"category","embeddable":true,"href":"https:\/\/arroyitoonline.com.ar\/index.php?rest_route=%2Fwp%2Fv2%2Fcategories&post=14945"},{"taxonomy":"post_tag","embeddable":true,"href":"https:\/\/arroyitoonline.com.ar\/index.php?rest_route=%2Fwp%2Fv2%2Ftags&post=14945"}],"curies":[{"name":"wp","href":"https:\/\/api.w.org\/{rel}","templated":true}]}}