{"id":14950,"date":"2022-11-30T13:57:01","date_gmt":"2022-11-30T13:57:01","guid":{"rendered":"https:\/\/arroyitoonline.com.ar\/?p=14950"},"modified":"2022-11-30T13:57:02","modified_gmt":"2022-11-30T13:57:02","slug":"investigan-la-agresion-a-un-adolescente","status":"publish","type":"post","link":"https:\/\/arroyitoonline.com.ar\/?p=14950","title":{"rendered":"Investigan la agresi\u00f3n a un adolescente"},"content":{"rendered":"\n<p><strong>Tras haberle realizado bromas a otra menor, esta le habr\u00eda herido el brazo izquierdo con una tijera.<\/strong><\/p>\n\n\n\n<p>A las 3:50 horas del lunes, personal policial fue alertado del arribo de un menor con un brazo herido, a la guardia del Hospital Municipal Carlos J. Rodr\u00edguez.<\/p>\n\n\n\n<p>Ya en el lugar, los uniformados entrevistaron a la madre del adolescente, una mujer de 30 a\u00f1os, la cual adujo que su hijo de 15 a\u00f1os se encontraba en una plaza junto a un grupo de amigos y, tras realizarle bromas a otra menor, la chica le ocasion\u00f3 la herida cortante con una tijera en el brazo izquierdo.<\/p>\n\n\n\n<p>El joven qued\u00f3 en observaci\u00f3n, aunque su vida no corr\u00eda peligro. Se iniciaron averiguaciones e intervienen en el caso, la Fiscal\u00eda de Instrucci\u00f3n de Arroyito y el Juzgado de Menores.<\/p>\n\n\n\n<p>Fuente: secci\u00f3n Prensa UR Departamental San Justo.<\/p>\n","protected":false},"excerpt":{"rendered":"<p>Tras haberle realizado bromas a otra menor, esta le habr\u00eda herido el brazo izquierdo con una tijera. A las 3:50&hellip;<\/p>\n","protected":false},"author":3,"featured_media":8963,"comment_status":"closed","ping_status":"open","sticky":false,"template":"","format":"standard","meta":{"footnotes":""},"categories":[824],"tags":[37,66,67,836,426,1177,530,572,635,637,638,825],"class_list":["post-14950","post","type-post","status-publish","format-standard","has-post-thumbnail","hentry","category-policiales-online","tag-agresion","tag-arroyito","tag-arroyito-cordoba","tag-arroyito-online","tag-hospital","tag-hospital-municipal-carlos-j-rodriguez","tag-menores","tag-noticias-de-arroyito-y-zona","tag-policia","tag-policiales","tag-policiales-arroyito","tag-policiales-online"],"_links":{"self":[{"href":"https:\/\/arroyitoonline.com.ar\/index.php?rest_route=\/wp\/v2\/posts\/14950","targetHints":{"allow":["GET"]}}],"collection":[{"href":"https:\/\/arroyitoonline.com.ar\/index.php?rest_route=\/wp\/v2\/posts"}],"about":[{"href":"https:\/\/arroyitoonline.com.ar\/index.php?rest_route=\/wp\/v2\/types\/post"}],"author":[{"embeddable":true,"href":"https:\/\/arroyitoonline.com.ar\/index.php?rest_route=\/wp\/v2\/users\/3"}],"replies":[{"embeddable":true,"href":"https:\/\/arroyitoonline.com.ar\/index.php?rest_route=%2Fwp%2Fv2%2Fcomments&post=14950"}],"version-history":[{"count":1,"href":"https:\/\/arroyitoonline.com.ar\/index.php?rest_route=\/wp\/v2\/posts\/14950\/revisions"}],"predecessor-version":[{"id":14951,"href":"https:\/\/arroyitoonline.com.ar\/index.php?rest_route=\/wp\/v2\/posts\/14950\/revisions\/14951"}],"wp:featuredmedia":[{"embeddable":true,"href":"https:\/\/arroyitoonline.com.ar\/index.php?rest_route=\/wp\/v2\/media\/8963"}],"wp:attachment":[{"href":"https:\/\/arroyitoonline.com.ar\/index.php?rest_route=%2Fwp%2Fv2%2Fmedia&parent=14950"}],"wp:term":[{"taxonomy":"category","embeddable":true,"href":"https:\/\/arroyitoonline.com.ar\/index.php?rest_route=%2Fwp%2Fv2%2Fcategories&post=14950"},{"taxonomy":"post_tag","embeddable":true,"href":"https:\/\/arroyitoonline.com.ar\/index.php?rest_route=%2Fwp%2Fv2%2Ftags&post=14950"}],"curies":[{"name":"wp","href":"https:\/\/api.w.org\/{rel}","templated":true}]}}