{"id":14953,"date":"2022-11-30T19:11:33","date_gmt":"2022-11-30T19:11:33","guid":{"rendered":"https:\/\/arroyitoonline.com.ar\/?p=14953"},"modified":"2022-11-30T19:11:34","modified_gmt":"2022-11-30T19:11:34","slug":"el-fin-de-semana-cada-vecino-de-arroyito-consumio-266-litros-de-agua-por-dia","status":"publish","type":"post","link":"https:\/\/arroyitoonline.com.ar\/?p=14953","title":{"rendered":"El fin de semana, cada vecino de Arroyito consumi\u00f3 266 litros de agua por d\u00eda"},"content":{"rendered":"\n<p><strong>Carlos Silva, director del Servicio de Agua Potable, pidi\u00f3 a la gente que tome consciencia ya que, si bien hubo una ca\u00edda en la presi\u00f3n, <em>&#8220;hay quienes usan el agua de manera indiscriminada&#8221;<\/em>.<\/strong><\/p>\n\n\n\n<p>El fin de semana, <em>&#8220;hubo una ca\u00edda de presi\u00f3n en la red en la zona norte&#8221;<\/em>, afirm\u00f3 el <strong>director del Servicio de Agua Potable del Municipio<\/strong>,<strong> Carlos Silva<\/strong>, al ser consultado por <strong>Canal 3<\/strong>; y as\u00ed ratific\u00f3 el reclamo de vecinos del sector que, en los \u00faltimos d\u00edas, se quejaron de esta situaci\u00f3n sobre todo v\u00eda redes sociales. <\/p>\n\n\n\n<p>Silva explic\u00f3 que <em>&#8220;Esto se debi\u00f3, en parte, a que el s\u00e1bado a la noche uno de los sistemas autom\u00e1ticos del Corral\u00f3n dej\u00f3 de funcionar y, entonces, esa bomba que estaba en autom\u00e1tico no entr\u00f3 en funcionamiento, cay\u00f3 el nivel de agua del tanque, que es el que le da la presi\u00f3n a la zona norte, y por eso se cay\u00f3 la presi\u00f3n en la ciudad. Sumado a esto, el viernes y el s\u00e1bado fueron los d\u00edas de m\u00e1s calor y de much\u00edsimo m\u00e1s consumo de agua&#8221;<\/em>.<\/p>\n\n\n<div class=\"wp-block-image\">\n<figure class=\"aligncenter size-large\"><img loading=\"lazy\" decoding=\"async\" width=\"1024\" height=\"561\" src=\"https:\/\/arroyitoonline.com.ar\/wp-content\/uploads\/2022\/11\/carlos-silva-1024x561.jpg\" alt=\"\" class=\"wp-image-14958\" srcset=\"https:\/\/arroyitoonline.com.ar\/wp-content\/uploads\/2022\/11\/carlos-silva-1024x561.jpg 1024w, https:\/\/arroyitoonline.com.ar\/wp-content\/uploads\/2022\/11\/carlos-silva-300x164.jpg 300w, https:\/\/arroyitoonline.com.ar\/wp-content\/uploads\/2022\/11\/carlos-silva-768x421.jpg 768w, https:\/\/arroyitoonline.com.ar\/wp-content\/uploads\/2022\/11\/carlos-silva.jpg 1119w\" sizes=\"auto, (max-width: 1024px) 100vw, 1024px\" \/><figcaption><em>Director del Servicio de Agua Potable, Carlos Silva.<\/em><\/figcaption><\/figure>\n<\/div>\n\n\n<p><em>&#8220;Estamos hablando que, de repente, de tener un consumo por persona de entre 150 y 170 litros por d\u00eda nos fuimos a 266 litros. Fue una locura el consumo. Nosotros todas las ma\u00f1anas y todas las tardes vemos las bombas, hacemos una revisi\u00f3n, vimos que una de las bombas estaba parada. Entonces solucionamos el problema, la pusimos en marcha. Pero llegar a recuperar la presi\u00f3n lleva unos d\u00edas, porque la red necesita que las ca\u00f1er\u00edas est\u00e9n llenas de agua, no de aire, entonces ah\u00ed aumenta la presi\u00f3n&#8221;<\/em>, complet\u00f3 el funcionario municipal. <\/p>\n\n\n\n<p>En este marco, el responsable del servicio manifest\u00f3 su sorpresa por el abrumador aumento en el consumo, que creci\u00f3 a raz\u00f3n de tres millones de litros de un d\u00eda para el otro pasando de ocho a 11 millones de litros en 24 horas. Silva atribuy\u00f3 lo sucedido, no solo al calor extremo, sino adem\u00e1s al llenado de piletas: <em>&#8220;no hay otra explicaci\u00f3n&#8221;<\/em> -observ\u00f3- y pidi\u00f3 <em>&#8220;por favor, a la gente que tenga consciencia, de que algunos tienen problemas de agua por presi\u00f3n y otros no los tienen y usan el agua indiscriminadamente&#8221;<\/em>.<\/p>\n\n\n\n<p>Por \u00faltimo inform\u00f3 que <em>&#8220;Estamos trabajando para que esto no vuelva a ocurrir, que por cualquier motivo, la presi\u00f3n se caiga. Estamos haciendo dos obras, una estar\u00eda terminada en 15 d\u00edas, y es la que va a aumentar la presi\u00f3n en red en toda la zona que m\u00e1s se ve afectada: entre Liendo, Av. Boetto, Av. Fulvio Pagani y Maranzana (zona del Barrio Arcor y detr\u00e1s de la Escuela V\u00e9lez Sarsfield). Vamos a tratar de levantar la presi\u00f3n y mantenerla&#8221;<\/em>. <\/p>\n\n\n\n<p>Fuente: Canal 3.<\/p>\n","protected":false},"excerpt":{"rendered":"<p>Carlos Silva, director del Servicio de Agua Potable, pidi\u00f3 a la gente que tome consciencia ya que, si bien hubo&hellip;<\/p>\n","protected":false},"author":3,"featured_media":14957,"comment_status":"closed","ping_status":"open","sticky":false,"template":"","format":"standard","meta":{"footnotes":""},"categories":[879],"tags":[1208,41,66,67,836,248,1102,572,578,1261,731,732],"class_list":["post-14953","post","type-post","status-publish","format-standard","has-post-thumbnail","hentry","category-servicios-publicos","tag-agua-corriente","tag-agua-potable","tag-arroyito","tag-arroyito-cordoba","tag-arroyito-online","tag-corralon","tag-gobierno-municipal","tag-noticias-de-arroyito-y-zona","tag-obras-publicas","tag-pozo-de-agua","tag-servicios","tag-servicios-publicos"],"_links":{"self":[{"href":"https:\/\/arroyitoonline.com.ar\/index.php?rest_route=\/wp\/v2\/posts\/14953","targetHints":{"allow":["GET"]}}],"collection":[{"href":"https:\/\/arroyitoonline.com.ar\/index.php?rest_route=\/wp\/v2\/posts"}],"about":[{"href":"https:\/\/arroyitoonline.com.ar\/index.php?rest_route=\/wp\/v2\/types\/post"}],"author":[{"embeddable":true,"href":"https:\/\/arroyitoonline.com.ar\/index.php?rest_route=\/wp\/v2\/users\/3"}],"replies":[{"embeddable":true,"href":"https:\/\/arroyitoonline.com.ar\/index.php?rest_route=%2Fwp%2Fv2%2Fcomments&post=14953"}],"version-history":[{"count":4,"href":"https:\/\/arroyitoonline.com.ar\/index.php?rest_route=\/wp\/v2\/posts\/14953\/revisions"}],"predecessor-version":[{"id":14959,"href":"https:\/\/arroyitoonline.com.ar\/index.php?rest_route=\/wp\/v2\/posts\/14953\/revisions\/14959"}],"wp:featuredmedia":[{"embeddable":true,"href":"https:\/\/arroyitoonline.com.ar\/index.php?rest_route=\/wp\/v2\/media\/14957"}],"wp:attachment":[{"href":"https:\/\/arroyitoonline.com.ar\/index.php?rest_route=%2Fwp%2Fv2%2Fmedia&parent=14953"}],"wp:term":[{"taxonomy":"category","embeddable":true,"href":"https:\/\/arroyitoonline.com.ar\/index.php?rest_route=%2Fwp%2Fv2%2Fcategories&post=14953"},{"taxonomy":"post_tag","embeddable":true,"href":"https:\/\/arroyitoonline.com.ar\/index.php?rest_route=%2Fwp%2Fv2%2Ftags&post=14953"}],"curies":[{"name":"wp","href":"https:\/\/api.w.org\/{rel}","templated":true}]}}