{"id":14984,"date":"2022-12-20T14:13:19","date_gmt":"2022-12-20T14:13:19","guid":{"rendered":"https:\/\/arroyitoonline.com.ar\/?p=14984"},"modified":"2022-12-20T14:13:20","modified_gmt":"2022-12-20T14:13:20","slug":"joven-se-encontraba-alterado-ocasiono-danos-en-un-movil-policial-y-fue-detenido","status":"publish","type":"post","link":"https:\/\/arroyitoonline.com.ar\/?p=14984","title":{"rendered":"Joven se encontraba alterado, ocasion\u00f3 da\u00f1os en un m\u00f3vil policial y fue detenido"},"content":{"rendered":"\n<p><strong>El sujeto de 23 a\u00f1os estaba en la v\u00eda p\u00fablica amenazando a los presentes, cuando lleg\u00f3 la Polic\u00eda. <\/strong><\/p>\n\n\n\n<p>Cerca de las 20:00 horas del s\u00e1bado pasado fue solicitada la presencia policial en inmediaciones de las avenidas Mariano Moreno y Jos\u00e9 Boetto. En la v\u00eda p\u00fablica se encontraba un joven alterado ocasionando disturbios.<\/p>\n\n\n\n<p>Cuando llegaron, los polic\u00edas constataron que se trataba de un joven de 23 a\u00f1os, quien estaba amenazando a los presentes. Tras acercarse el personal policial para calmar su actitud, el sujeto ocasion\u00f3 da\u00f1o en el m\u00f3vil policial, por lo que fue detenido pese a que opuso resistencia.<\/p>\n\n\n\n<p>Fue trasladado a la Comisar\u00eda, donde qued\u00f3 alojado a disposici\u00f3n de la Fiscal\u00eda de Instrucci\u00f3n de Arroyito.<\/p>\n\n\n\n<p>Fuente: secci\u00f3n Prensa UR Departamental San Justo. <\/p>\n","protected":false},"excerpt":{"rendered":"<p>El sujeto de 23 a\u00f1os estaba en la v\u00eda p\u00fablica amenazando a los presentes, cuando lleg\u00f3 la Polic\u00eda. Cerca de&hellip;<\/p>\n","protected":false},"author":3,"featured_media":9911,"comment_status":"closed","ping_status":"open","sticky":false,"template":"","format":"standard","meta":{"footnotes":""},"categories":[824],"tags":[66,67,836,266,285,875,572,635,637,638,825],"class_list":["post-14984","post","type-post","status-publish","format-standard","has-post-thumbnail","hentry","category-policiales-online","tag-arroyito","tag-arroyito-cordoba","tag-arroyito-online","tag-danos","tag-detencion","tag-jovenes-2","tag-noticias-de-arroyito-y-zona","tag-policia","tag-policiales","tag-policiales-arroyito","tag-policiales-online"],"_links":{"self":[{"href":"https:\/\/arroyitoonline.com.ar\/index.php?rest_route=\/wp\/v2\/posts\/14984","targetHints":{"allow":["GET"]}}],"collection":[{"href":"https:\/\/arroyitoonline.com.ar\/index.php?rest_route=\/wp\/v2\/posts"}],"about":[{"href":"https:\/\/arroyitoonline.com.ar\/index.php?rest_route=\/wp\/v2\/types\/post"}],"author":[{"embeddable":true,"href":"https:\/\/arroyitoonline.com.ar\/index.php?rest_route=\/wp\/v2\/users\/3"}],"replies":[{"embeddable":true,"href":"https:\/\/arroyitoonline.com.ar\/index.php?rest_route=%2Fwp%2Fv2%2Fcomments&post=14984"}],"version-history":[{"count":1,"href":"https:\/\/arroyitoonline.com.ar\/index.php?rest_route=\/wp\/v2\/posts\/14984\/revisions"}],"predecessor-version":[{"id":14985,"href":"https:\/\/arroyitoonline.com.ar\/index.php?rest_route=\/wp\/v2\/posts\/14984\/revisions\/14985"}],"wp:featuredmedia":[{"embeddable":true,"href":"https:\/\/arroyitoonline.com.ar\/index.php?rest_route=\/wp\/v2\/media\/9911"}],"wp:attachment":[{"href":"https:\/\/arroyitoonline.com.ar\/index.php?rest_route=%2Fwp%2Fv2%2Fmedia&parent=14984"}],"wp:term":[{"taxonomy":"category","embeddable":true,"href":"https:\/\/arroyitoonline.com.ar\/index.php?rest_route=%2Fwp%2Fv2%2Fcategories&post=14984"},{"taxonomy":"post_tag","embeddable":true,"href":"https:\/\/arroyitoonline.com.ar\/index.php?rest_route=%2Fwp%2Fv2%2Ftags&post=14984"}],"curies":[{"name":"wp","href":"https:\/\/api.w.org\/{rel}","templated":true}]}}