{"id":14995,"date":"2022-12-28T15:12:13","date_gmt":"2022-12-28T15:12:13","guid":{"rendered":"https:\/\/arroyitoonline.com.ar\/?p=14995"},"modified":"2022-12-28T15:12:14","modified_gmt":"2022-12-28T15:12:14","slug":"noche-complicada-para-los-bomberos-extinguieron-incendio-y-asistieron-a-un-escape-de-gas-y-a-un-accidente-fatal","status":"publish","type":"post","link":"https:\/\/arroyitoonline.com.ar\/?p=14995","title":{"rendered":"Noche complicada para los Bomberos: extinguieron incendio y asistieron a un escape de gas y a un accidente fatal"},"content":{"rendered":"\n<p><strong>Dos dotaciones trabajaron en el incendio de una casa, con graves da\u00f1os estructurales. Al mismo tiempo, ejecutaron tareas de prevenci\u00f3n en la ruptura de un ca\u00f1o en la red de gas.<\/strong><\/p>\n\n\n\n<p><strong>Incendio estructural en vivienda familiar<\/strong><\/p>\n\n\n\n<p>A las 21:10 horas de ayer, Bomberos fueron alertados por el incendio estructural en una vivienda de calle Dean Funes. Al lugar se dirigieron dos dotaciones en los M\u00f3viles 22 y 11, a cargo del II Jefe del Cuerpo Activo, Of. Ayte. BV Carlos Carnevale.<\/p>\n\n\n\n<p>Cuando llegaron constataron un siniestro de proporciones que afectaba una habitaci\u00f3n de la casa de familia y el fuego se propagaba al resto de los ambientes. Trabajaron en la extinci\u00f3n, para luego dar paso a las labores de remoci\u00f3n, enfriamiento y ventilaci\u00f3n. Si bien los da\u00f1os estructurales fueron graves, por fortuna, los moradores no sufrieron ning\u00fan tipo de lesiones.<\/p>\n\n\n\n<p><strong>Escape de gas por intento de extracci\u00f3n de un \u00e1rbol<\/strong><\/p>\n\n\n\n<p>Mientras los Bomberos se encontraban en pleno trabajo de extinci\u00f3n, recibieron otro llamado informando de un escape de gas en v\u00eda p\u00fablica sobre calle Obispo Trejo. Personal QAP en central, que asisti\u00f3 al primer toque de alarma, se desplaz\u00f3 en los M\u00f3viles 25 y 18, a cargo del Jefe de C.A. Of. Subinsp., BV Arnaldo Cabrera.<\/p>\n\n\n\n<p>Cuando llegaron constataron la ruptura de un ca\u00f1o de la red domiciliaria de gas natural, que se produjo por el intento de extracci\u00f3n de un \u00e1rbol en la vereda de un domicilio. Como es usual en estos casos, Bomberos ejecutaron tareas de prevenci\u00f3n y cubrieron a operarios de Cespal que, tras un arduo trabajo, pudieron prensar la fuga.<\/p>\n\n\n\n<p><strong>Accidente fatal sobre la Autov\u00eda de la Ruta 19<\/strong><\/p>\n\n\n\n<p>Mientras las cuatro dotaciones se encontraban emprendiendo el regreso, recibieron llamados informando de un accidente vehicular con personas atrapadas. De inmediato redireccionaron a todo el personal hacia el lugar. En el trayecto corroboraron que el siniestro se produjo sobre la autov\u00eda RN19, distante tres kil\u00f3metros de nuestra ciudad.<\/p>\n\n\n\n<p>Al arribo de las dotaciones, se observ\u00f3 un autom\u00f3vil marca Mercedes Benz con un \u00fanico ocupante, que habr\u00eda colisionado por alcance con la parte trasera de un cami\u00f3n. A ra\u00edz del impacto, el conductor del veh\u00edculo falleci\u00f3 en el acto, lo cual fue constatado por personal m\u00e9dico que se hizo presente.<\/p>\n\n\n\n<p>Bomberos realizaron prevenci\u00f3n en el lugar, tratando de normalizar el tr\u00e1nsito. Dos dotaciones quedaron a la espera del Ministerio Publico Fiscal para realizar recuperaci\u00f3n del conductor.<\/p>\n\n\n\n<p>Fuente: Asociaci\u00f3n Bomberos Voluntarios de Arroyito.<\/p>\n","protected":false},"excerpt":{"rendered":"<p>Dos dotaciones trabajaron en el incendio de una casa, con graves da\u00f1os estructurales. Al mismo tiempo, ejecutaron tareas de prevenci\u00f3n&hellip;<\/p>\n","protected":false},"author":3,"featured_media":15002,"comment_status":"closed","ping_status":"open","sticky":false,"template":"","format":"standard","meta":{"footnotes":""},"categories":[824],"tags":[66,67,836,127,128,129,572,635,637,638,825],"class_list":["post-14995","post","type-post","status-publish","format-standard","has-post-thumbnail","hentry","category-policiales-online","tag-arroyito","tag-arroyito-cordoba","tag-arroyito-online","tag-bomberos-arroyito","tag-bomberos-de-arroyito","tag-bomberos-voluntarios","tag-noticias-de-arroyito-y-zona","tag-policia","tag-policiales","tag-policiales-arroyito","tag-policiales-online"],"_links":{"self":[{"href":"https:\/\/arroyitoonline.com.ar\/index.php?rest_route=\/wp\/v2\/posts\/14995","targetHints":{"allow":["GET"]}}],"collection":[{"href":"https:\/\/arroyitoonline.com.ar\/index.php?rest_route=\/wp\/v2\/posts"}],"about":[{"href":"https:\/\/arroyitoonline.com.ar\/index.php?rest_route=\/wp\/v2\/types\/post"}],"author":[{"embeddable":true,"href":"https:\/\/arroyitoonline.com.ar\/index.php?rest_route=\/wp\/v2\/users\/3"}],"replies":[{"embeddable":true,"href":"https:\/\/arroyitoonline.com.ar\/index.php?rest_route=%2Fwp%2Fv2%2Fcomments&post=14995"}],"version-history":[{"count":2,"href":"https:\/\/arroyitoonline.com.ar\/index.php?rest_route=\/wp\/v2\/posts\/14995\/revisions"}],"predecessor-version":[{"id":15003,"href":"https:\/\/arroyitoonline.com.ar\/index.php?rest_route=\/wp\/v2\/posts\/14995\/revisions\/15003"}],"wp:featuredmedia":[{"embeddable":true,"href":"https:\/\/arroyitoonline.com.ar\/index.php?rest_route=\/wp\/v2\/media\/15002"}],"wp:attachment":[{"href":"https:\/\/arroyitoonline.com.ar\/index.php?rest_route=%2Fwp%2Fv2%2Fmedia&parent=14995"}],"wp:term":[{"taxonomy":"category","embeddable":true,"href":"https:\/\/arroyitoonline.com.ar\/index.php?rest_route=%2Fwp%2Fv2%2Fcategories&post=14995"},{"taxonomy":"post_tag","embeddable":true,"href":"https:\/\/arroyitoonline.com.ar\/index.php?rest_route=%2Fwp%2Fv2%2Ftags&post=14995"}],"curies":[{"name":"wp","href":"https:\/\/api.w.org\/{rel}","templated":true}]}}