{"id":14997,"date":"2022-12-28T14:15:57","date_gmt":"2022-12-28T14:15:57","guid":{"rendered":"https:\/\/arroyitoonline.com.ar\/?p=14997"},"modified":"2022-12-28T14:15:58","modified_gmt":"2022-12-28T14:15:58","slug":"autovia-r19-conductor-de-un-auto-perdio-la-vida-tras-chocar-la-parte-de-atras-de-un-camion","status":"publish","type":"post","link":"https:\/\/arroyitoonline.com.ar\/?p=14997","title":{"rendered":"Autov\u00eda R19: conductor de un auto perdi\u00f3 la vida tras chocar la parte de atr\u00e1s de un cami\u00f3n"},"content":{"rendered":"\n<p><strong>Se trata de un hombre de 59 a\u00f1os oriundo de la ciudad de San Francisco. Se desconocen las causas del siniestro.<\/strong><\/p>\n\n\n\n<p>En horas de la medianoche, la Polic\u00eda tom\u00f3 conocimiento de un accidente de tr\u00e1nsito ocurrido momentos antes sobre la Autov\u00eda Nacional Ruta 19, a la altura del kil\u00f3metro 216.<\/p>\n\n\n\n<p>Por ese lugar circulaba un cami\u00f3n Mercedes Benz con semirremolque cargado con resmas de papel conducido por un joven de 25 a\u00f1os oriundo de la provincia de Misiones. Por causas a establecerse, el transporte fue colisionado en su parte trasera por un auto Mercedez Benz E300. Producto del impacto, el conductor del veh\u00edculo perdi\u00f3 la vida en forma instant\u00e1nea.<\/p>\n\n\n\n<p>Momentos despu\u00e9s se conoci\u00f3 la identidad del fallecido, un hombre de 59 a\u00f1os domiciliado en la ciudad de San Francisco. Trabajaron en el lugar personal policial, Polic\u00eda Cient\u00edfica y Bomberos de Arroyito. Intervino la Fiscal\u00eda de Instrucci\u00f3n local.<\/p>\n\n\n\n<p>Fuente: secci\u00f3n Prensa UR Departamental San Justo. <\/p>\n","protected":false},"excerpt":{"rendered":"<p>Se trata de un hombre de 59 a\u00f1os oriundo de la ciudad de San Francisco. Se desconocen las causas del&hellip;<\/p>\n","protected":false},"author":3,"featured_media":14998,"comment_status":"closed","ping_status":"open","sticky":false,"template":"","format":"standard","meta":{"footnotes":""},"categories":[824],"tags":[22,66,67,836,87,127,129,548,572,635,637,638,825,701,737],"class_list":["post-14997","post","type-post","status-publish","format-standard","has-post-thumbnail","hentry","category-policiales-online","tag-accidente","tag-arroyito","tag-arroyito-cordoba","tag-arroyito-online","tag-autovia","tag-bomberos-arroyito","tag-bomberos-voluntarios","tag-muerte","tag-noticias-de-arroyito-y-zona","tag-policia","tag-policiales","tag-policiales-arroyito","tag-policiales-online","tag-ruta-nacional-n-19","tag-siniestro-vial"],"_links":{"self":[{"href":"https:\/\/arroyitoonline.com.ar\/index.php?rest_route=\/wp\/v2\/posts\/14997","targetHints":{"allow":["GET"]}}],"collection":[{"href":"https:\/\/arroyitoonline.com.ar\/index.php?rest_route=\/wp\/v2\/posts"}],"about":[{"href":"https:\/\/arroyitoonline.com.ar\/index.php?rest_route=\/wp\/v2\/types\/post"}],"author":[{"embeddable":true,"href":"https:\/\/arroyitoonline.com.ar\/index.php?rest_route=\/wp\/v2\/users\/3"}],"replies":[{"embeddable":true,"href":"https:\/\/arroyitoonline.com.ar\/index.php?rest_route=%2Fwp%2Fv2%2Fcomments&post=14997"}],"version-history":[{"count":1,"href":"https:\/\/arroyitoonline.com.ar\/index.php?rest_route=\/wp\/v2\/posts\/14997\/revisions"}],"predecessor-version":[{"id":14999,"href":"https:\/\/arroyitoonline.com.ar\/index.php?rest_route=\/wp\/v2\/posts\/14997\/revisions\/14999"}],"wp:featuredmedia":[{"embeddable":true,"href":"https:\/\/arroyitoonline.com.ar\/index.php?rest_route=\/wp\/v2\/media\/14998"}],"wp:attachment":[{"href":"https:\/\/arroyitoonline.com.ar\/index.php?rest_route=%2Fwp%2Fv2%2Fmedia&parent=14997"}],"wp:term":[{"taxonomy":"category","embeddable":true,"href":"https:\/\/arroyitoonline.com.ar\/index.php?rest_route=%2Fwp%2Fv2%2Fcategories&post=14997"},{"taxonomy":"post_tag","embeddable":true,"href":"https:\/\/arroyitoonline.com.ar\/index.php?rest_route=%2Fwp%2Fv2%2Ftags&post=14997"}],"curies":[{"name":"wp","href":"https:\/\/api.w.org\/{rel}","templated":true}]}}