{"id":15005,"date":"2022-12-30T15:07:53","date_gmt":"2022-12-30T15:07:53","guid":{"rendered":"https:\/\/arroyitoonline.com.ar\/?p=15005"},"modified":"2022-12-30T15:07:54","modified_gmt":"2022-12-30T15:07:54","slug":"bomberos-extinguio-incendio-en-una-vivienda-que-sufrio-danos-totales","status":"publish","type":"post","link":"https:\/\/arroyitoonline.com.ar\/?p=15005","title":{"rendered":"Bomberos extingui\u00f3 incendio en una vivienda que sufri\u00f3 da\u00f1os totales"},"content":{"rendered":"\n<p><strong>Hace poco, la misma casa ubicada en el Barrio Municipal hab\u00eda sufrido otro siniestro.<\/strong> <strong>El fuego afect\u00f3 el sector del garage, que funcionaba como dormitorio.<\/strong><\/p>\n\n\n\n<p>Ayer a las 22:00 horas, Bomberos recibieron llamados informando de un incendio de vivienda en el Barrio Municipal. De inmediato activaron alarmas y se dirigieron al lugar dos dotaciones de Bomberos, en los M\u00f3viles 11 y 22, estando el operativo a cargo del II Jefe de Cuerpo Activo, Of. Ayte. BV Carlos Carnevale.<\/p>\n\n\n\n<p>Al arribo de la primera dotaci\u00f3n en M\u00f3vil 22, a cargo del Sargento Ayte. BV Hugo Villarreal, se constat\u00f3 el incendio generalizado en una vivienda familiar que afectaba el sector de garage, el cual funcionaba como dormitorio. Debido a las condiciones del siniestro, se realiz\u00f3 un primer ataque transicional desde el exterior. Luego ingres\u00f3 el primer equipo de extinci\u00f3n para controlar el foco \u00edgneo desde su interior.<\/p>\n\n\n\n<p>Los Bomberos trabajaron con suma cautela debido a que, la misma vivienda, hab\u00eda sufrido otro incendio similar que afect\u00f3 sus condiciones estructurales. Una vez confinadas las llamas, prosiguieron con un exhaustivo trabajo de extinci\u00f3n y remoci\u00f3n, ya que el recinto presentaba una elevada cantidad de mobiliario, electrodom\u00e9sticos, ropa y otros objetos. La vivienda sufri\u00f3 da\u00f1os totales pero no se registraron personas heridas.<\/p>\n\n\n\n<p>Tras unas dos horas y media, dieron por finalizado el trabajo en el lugar y el personal retorn\u00f3 a base para el reacondicionamiento y carga de equipos y herramientas.<\/p>\n\n\n\n<p>Se hicieron presentes en el lugar del siniestro, la Polic\u00eda local, la ambulancia del Hospital Municipal Carlos J. Rodr\u00edguez y Seguridad Ciudadana.<\/p>\n","protected":false},"excerpt":{"rendered":"<p>Hace poco, la misma casa ubicada en el Barrio Municipal hab\u00eda sufrido otro siniestro. El fuego afect\u00f3 el sector del&hellip;<\/p>\n","protected":false},"author":3,"featured_media":15006,"comment_status":"closed","ping_status":"open","sticky":false,"template":"","format":"standard","meta":{"footnotes":""},"categories":[824],"tags":[66,67,836,106,127,128,129,266,1334,435,572,635,637,638,825],"class_list":["post-15005","post","type-post","status-publish","format-standard","has-post-thumbnail","hentry","category-policiales-online","tag-arroyito","tag-arroyito-cordoba","tag-arroyito-online","tag-barrio-municipal","tag-bomberos-arroyito","tag-bomberos-de-arroyito","tag-bomberos-voluntarios","tag-danos","tag-fuego","tag-incendio","tag-noticias-de-arroyito-y-zona","tag-policia","tag-policiales","tag-policiales-arroyito","tag-policiales-online"],"_links":{"self":[{"href":"https:\/\/arroyitoonline.com.ar\/index.php?rest_route=\/wp\/v2\/posts\/15005","targetHints":{"allow":["GET"]}}],"collection":[{"href":"https:\/\/arroyitoonline.com.ar\/index.php?rest_route=\/wp\/v2\/posts"}],"about":[{"href":"https:\/\/arroyitoonline.com.ar\/index.php?rest_route=\/wp\/v2\/types\/post"}],"author":[{"embeddable":true,"href":"https:\/\/arroyitoonline.com.ar\/index.php?rest_route=\/wp\/v2\/users\/3"}],"replies":[{"embeddable":true,"href":"https:\/\/arroyitoonline.com.ar\/index.php?rest_route=%2Fwp%2Fv2%2Fcomments&post=15005"}],"version-history":[{"count":1,"href":"https:\/\/arroyitoonline.com.ar\/index.php?rest_route=\/wp\/v2\/posts\/15005\/revisions"}],"predecessor-version":[{"id":15007,"href":"https:\/\/arroyitoonline.com.ar\/index.php?rest_route=\/wp\/v2\/posts\/15005\/revisions\/15007"}],"wp:featuredmedia":[{"embeddable":true,"href":"https:\/\/arroyitoonline.com.ar\/index.php?rest_route=\/wp\/v2\/media\/15006"}],"wp:attachment":[{"href":"https:\/\/arroyitoonline.com.ar\/index.php?rest_route=%2Fwp%2Fv2%2Fmedia&parent=15005"}],"wp:term":[{"taxonomy":"category","embeddable":true,"href":"https:\/\/arroyitoonline.com.ar\/index.php?rest_route=%2Fwp%2Fv2%2Fcategories&post=15005"},{"taxonomy":"post_tag","embeddable":true,"href":"https:\/\/arroyitoonline.com.ar\/index.php?rest_route=%2Fwp%2Fv2%2Ftags&post=15005"}],"curies":[{"name":"wp","href":"https:\/\/api.w.org\/{rel}","templated":true}]}}