{"id":15018,"date":"2023-01-03T00:50:39","date_gmt":"2023-01-03T00:50:39","guid":{"rendered":"https:\/\/arroyitoonline.com.ar\/?p=15018"},"modified":"2023-01-03T00:50:40","modified_gmt":"2023-01-03T00:50:40","slug":"detuvieron-a-un-hombre-al-que-le-secuestraron-dos-motos-robadas","status":"publish","type":"post","link":"https:\/\/arroyitoonline.com.ar\/?p=15018","title":{"rendered":"Detuvieron a un hombre al que le secuestraron dos motos robadas"},"content":{"rendered":"\n<p><strong>El sujeto de 49 a\u00f1os andaba a bordo de uno de los rodados y el otro fue encontrado en inmediaciones a su domicilio.<\/strong><\/p>\n\n\n\n<p>A las 0:05 horas de hoy, personal policial, que se encontraba realizando recorrido por calle San Mart\u00edn al 300, control\u00f3 una moto Mondial 110 cc semi desarmada. Por sistema policial, el veh\u00edculo arroj\u00f3 pedido de secuestro con fecha 24-12-22.<\/p>\n\n\n\n<p>En este marco, la Polic\u00eda aprehendi\u00f3 al conductor del rodado, un hombre de 49 a\u00f1os, lo traslad\u00f3 a la Comisar\u00eda y procedi\u00f3 al resguardo del motoveh\u00edculo. La damnificada del hecho es una mujer mayor de edad.<\/p>\n\n\n\n<p>Luego, tras averiguaciones, uniformados observaron en inmediaciones al domicilio de la persona detenida, otra moto, en este caso una Guerrero Trip 110 cc, la cual tambi\u00e9n registraba pedido de secuestro con fecha 29-12-2022, siendo el damnificado un hombre mayor de edad.<\/p>\n\n\n\n<p>La Polic\u00eda procedi\u00f3 a su secuestro y al resguardo del rodado en la Comisar\u00eda. Interviene Fiscal\u00eda de feria, mientras la investigaci\u00f3n contin\u00faa. <\/p>\n\n\n\n<p>Fuente: secci\u00f3n Prensa UR Departamental San Justo.<\/p>\n","protected":false},"excerpt":{"rendered":"<p>El sujeto de 49 a\u00f1os andaba a bordo de uno de los rodados y el otro fue encontrado en inmediaciones&hellip;<\/p>\n","protected":false},"author":3,"featured_media":9911,"comment_status":"closed","ping_status":"open","sticky":false,"template":"","format":"standard","meta":{"footnotes":""},"categories":[824],"tags":[1282,66,67,836,285,1086,547,572,635,637,638,825,693,694],"class_list":["post-15018","post","type-post","status-publish","format-standard","has-post-thumbnail","hentry","category-policiales-online","tag-aprehension","tag-arroyito","tag-arroyito-cordoba","tag-arroyito-online","tag-detencion","tag-moto","tag-motos","tag-noticias-de-arroyito-y-zona","tag-policia","tag-policiales","tag-policiales-arroyito","tag-policiales-online","tag-robo","tag-robos"],"_links":{"self":[{"href":"https:\/\/arroyitoonline.com.ar\/index.php?rest_route=\/wp\/v2\/posts\/15018","targetHints":{"allow":["GET"]}}],"collection":[{"href":"https:\/\/arroyitoonline.com.ar\/index.php?rest_route=\/wp\/v2\/posts"}],"about":[{"href":"https:\/\/arroyitoonline.com.ar\/index.php?rest_route=\/wp\/v2\/types\/post"}],"author":[{"embeddable":true,"href":"https:\/\/arroyitoonline.com.ar\/index.php?rest_route=\/wp\/v2\/users\/3"}],"replies":[{"embeddable":true,"href":"https:\/\/arroyitoonline.com.ar\/index.php?rest_route=%2Fwp%2Fv2%2Fcomments&post=15018"}],"version-history":[{"count":1,"href":"https:\/\/arroyitoonline.com.ar\/index.php?rest_route=\/wp\/v2\/posts\/15018\/revisions"}],"predecessor-version":[{"id":15019,"href":"https:\/\/arroyitoonline.com.ar\/index.php?rest_route=\/wp\/v2\/posts\/15018\/revisions\/15019"}],"wp:featuredmedia":[{"embeddable":true,"href":"https:\/\/arroyitoonline.com.ar\/index.php?rest_route=\/wp\/v2\/media\/9911"}],"wp:attachment":[{"href":"https:\/\/arroyitoonline.com.ar\/index.php?rest_route=%2Fwp%2Fv2%2Fmedia&parent=15018"}],"wp:term":[{"taxonomy":"category","embeddable":true,"href":"https:\/\/arroyitoonline.com.ar\/index.php?rest_route=%2Fwp%2Fv2%2Fcategories&post=15018"},{"taxonomy":"post_tag","embeddable":true,"href":"https:\/\/arroyitoonline.com.ar\/index.php?rest_route=%2Fwp%2Fv2%2Ftags&post=15018"}],"curies":[{"name":"wp","href":"https:\/\/api.w.org\/{rel}","templated":true}]}}