{"id":15020,"date":"2023-01-04T13:38:58","date_gmt":"2023-01-04T13:38:58","guid":{"rendered":"https:\/\/arroyitoonline.com.ar\/?p=15020"},"modified":"2023-01-04T13:38:58","modified_gmt":"2023-01-04T13:38:58","slug":"arroyito-nacio-lian-aaron-el-primer-bebe-del-ano","status":"publish","type":"post","link":"https:\/\/arroyitoonline.com.ar\/?p=15020","title":{"rendered":"Arroyito: naci\u00f3 Lian Aar\u00f3n, el primer beb\u00e9 del a\u00f1o"},"content":{"rendered":"\n<p><strong>El segundo d\u00eda del nuevo a\u00f1o se produjo el primer nacimiento de 2023, en la Cl\u00ednica Regional Arroyito.<\/strong> <\/p>\n\n\n\n<p>El lunes 2 de enero, en la Cl\u00ednica Regional Arroyito, naci\u00f3 el primer beb\u00e9 del a\u00f1o en nuestra ciudad.<\/p>\n\n\n\n<p>Seg\u00fan lo inform\u00f3 el sanatorio, que le dio la bienvenida, el ni\u00f1o se llama Lian Aar\u00f3n y su peso fue de 3,2 Kg.<\/p>\n\n\n<div class=\"wp-block-image\">\n<figure class=\"aligncenter size-large is-resized\"><img loading=\"lazy\" decoding=\"async\" src=\"https:\/\/arroyitoonline.com.ar\/wp-content\/uploads\/2023\/01\/lian-aaron-primer-bebe-regional-724x1024.jpg\" alt=\"\" class=\"wp-image-15021\" width=\"724\" height=\"1024\" srcset=\"https:\/\/arroyitoonline.com.ar\/wp-content\/uploads\/2023\/01\/lian-aaron-primer-bebe-regional-724x1024.jpg 724w, https:\/\/arroyitoonline.com.ar\/wp-content\/uploads\/2023\/01\/lian-aaron-primer-bebe-regional-212x300.jpg 212w, https:\/\/arroyitoonline.com.ar\/wp-content\/uploads\/2023\/01\/lian-aaron-primer-bebe-regional-768x1086.jpg 768w, https:\/\/arroyitoonline.com.ar\/wp-content\/uploads\/2023\/01\/lian-aaron-primer-bebe-regional-1086x1536.jpg 1086w, https:\/\/arroyitoonline.com.ar\/wp-content\/uploads\/2023\/01\/lian-aaron-primer-bebe-regional.jpg 1414w\" sizes=\"auto, (max-width: 724px) 100vw, 724px\" \/><figcaption class=\"wp-element-caption\"><em>La Cl\u00ednica Regional Arroyito le dio la bienvenida al primer beb\u00e9 del a\u00f1o 2023.<\/em><\/figcaption><\/figure>\n<\/div>\n\n\n<p>Lo recibieron la m\u00e9dica obstetra y ginec\u00f3loga Paola S\u00e1nchez y el pediatra Claudio Maldini.<\/p>\n\n\n\n<p>En la imagen publicada por la cl\u00ednica se observa a Lian Aar\u00f3n junto a sus pap\u00e1s, Milagros Mansilla y Brian Gim\u00e9nez.<\/p>\n","protected":false},"excerpt":{"rendered":"<p>El segundo d\u00eda del nuevo a\u00f1o se produjo el primer nacimiento de 2023, en la Cl\u00ednica Regional Arroyito. El lunes&hellip;<\/p>\n","protected":false},"author":3,"featured_media":15022,"comment_status":"closed","ping_status":"open","sticky":false,"template":"","format":"standard","meta":{"footnotes":""},"categories":[6],"tags":[1344,66,67,836,572,1197,1068],"class_list":["post-15020","post","type-post","status-publish","format-standard","has-post-thumbnail","hentry","category-interes-general","tag-1344","tag-arroyito","tag-arroyito-cordoba","tag-arroyito-online","tag-noticias-de-arroyito-y-zona","tag-primer-bebe","tag-primer-nacimiento-del-ano"],"_links":{"self":[{"href":"https:\/\/arroyitoonline.com.ar\/index.php?rest_route=\/wp\/v2\/posts\/15020","targetHints":{"allow":["GET"]}}],"collection":[{"href":"https:\/\/arroyitoonline.com.ar\/index.php?rest_route=\/wp\/v2\/posts"}],"about":[{"href":"https:\/\/arroyitoonline.com.ar\/index.php?rest_route=\/wp\/v2\/types\/post"}],"author":[{"embeddable":true,"href":"https:\/\/arroyitoonline.com.ar\/index.php?rest_route=\/wp\/v2\/users\/3"}],"replies":[{"embeddable":true,"href":"https:\/\/arroyitoonline.com.ar\/index.php?rest_route=%2Fwp%2Fv2%2Fcomments&post=15020"}],"version-history":[{"count":1,"href":"https:\/\/arroyitoonline.com.ar\/index.php?rest_route=\/wp\/v2\/posts\/15020\/revisions"}],"predecessor-version":[{"id":15023,"href":"https:\/\/arroyitoonline.com.ar\/index.php?rest_route=\/wp\/v2\/posts\/15020\/revisions\/15023"}],"wp:featuredmedia":[{"embeddable":true,"href":"https:\/\/arroyitoonline.com.ar\/index.php?rest_route=\/wp\/v2\/media\/15022"}],"wp:attachment":[{"href":"https:\/\/arroyitoonline.com.ar\/index.php?rest_route=%2Fwp%2Fv2%2Fmedia&parent=15020"}],"wp:term":[{"taxonomy":"category","embeddable":true,"href":"https:\/\/arroyitoonline.com.ar\/index.php?rest_route=%2Fwp%2Fv2%2Fcategories&post=15020"},{"taxonomy":"post_tag","embeddable":true,"href":"https:\/\/arroyitoonline.com.ar\/index.php?rest_route=%2Fwp%2Fv2%2Ftags&post=15020"}],"curies":[{"name":"wp","href":"https:\/\/api.w.org\/{rel}","templated":true}]}}