{"id":15034,"date":"2023-01-09T14:07:36","date_gmt":"2023-01-09T14:07:36","guid":{"rendered":"https:\/\/arroyitoonline.com.ar\/?p=15034"},"modified":"2023-01-09T14:07:37","modified_gmt":"2023-01-09T14:07:37","slug":"comenzo-la-ejecucion-del-parque-sur-con-pileta-de-natacion-de-uso-publico","status":"publish","type":"post","link":"https:\/\/arroyitoonline.com.ar\/?p=15034","title":{"rendered":"Comenz\u00f3 la ejecuci\u00f3n del Parque Sur, con pileta de nataci\u00f3n de uso p\u00fablico"},"content":{"rendered":"\n<p><strong>El proyecto <em>\u201cParque recreativo institucional\u201d <\/em>busca dotar al sector sur de un \u00e1rea deportiva-recreativa-cultural-administrativa.<\/strong><\/p>\n\n\n\n<p>El Gobierno Municipal dio inicio<strong> a la obra del Parque Sur con pileta de nataci\u00f3n, una obra que el intendente Benedetti gestion\u00f3 para la ciudad. <\/strong><\/p>\n\n\n\n<p>El proyecto <em>\u201cParque recreativo institucional\u201d <\/em>busca dotar al sector sur de un \u00e1rea deportiva-recreativa-cultural-administrativa y de un parque p\u00fablico de escala barrial.<\/p>\n\n\n\n<p><strong>En estos momentos, se est\u00e1 ejecutando la primera etapa de un centro deportivo-comunitario de 650 metros cuadrados cubiertos con un desarrollo total de 5000 m2 que comprende espacios destinados a la pr\u00e1ctica deportiva y piletas de nataci\u00f3n abiertas de uso p\u00fablico<\/strong>; una para adultos de 12 x 25 m y otra para ni\u00f1os de 6 x 12 m. Adem\u00e1s de un gran sal\u00f3n de usos m\u00faltiples, bater\u00eda de sanitarios, duchas, cocina, dep\u00f3sito, consultorio m\u00e9dico y oficinas administrativas de atenci\u00f3n al p\u00fablico.<\/p>\n\n\n\n<p><strong>Las diferentes instalaciones planteadas en el proyecto se articulan en un parque p\u00fablico de escala media, el cual se estructura bajo un esquema de dise\u00f1o abierto y flexible\u00a0<\/strong>en base a estrategias de forestaci\u00f3n aut\u00f3ctona y provisi\u00f3n de metros cuadrados de espacio verde faltante.<\/p>\n\n\n\n<p><em>&#8220;Un gran sue\u00f1o que se concreta, un proyecto que fue prometido muchas veces a\u00f1os anteriores y hoy se hace realidad, gracias a las gestiones permanentes de este equipo de gobierno y al esfuerzo de todos&#8221;<\/em>, dijeron desde el Municipio.<\/p>\n","protected":false},"excerpt":{"rendered":"<p>El proyecto \u201cParque recreativo institucional\u201d busca dotar al sector sur de un \u00e1rea deportiva-recreativa-cultural-administrativa. El Gobierno Municipal dio inicio a&hellip;<\/p>\n","protected":false},"author":3,"featured_media":15035,"comment_status":"closed","ping_status":"open","sticky":false,"template":"","format":"standard","meta":{"footnotes":""},"categories":[829],"tags":[66,67,836,1102,556,572,1345,620,720],"class_list":["post-15034","post","type-post","status-publish","format-standard","has-post-thumbnail","hentry","category-municipales-online","tag-arroyito","tag-arroyito-cordoba","tag-arroyito-online","tag-gobierno-municipal","tag-municipalidad-de-arroyito","tag-noticias-de-arroyito-y-zona","tag-parque-sur","tag-pileta","tag-sector-sur"],"_links":{"self":[{"href":"https:\/\/arroyitoonline.com.ar\/index.php?rest_route=\/wp\/v2\/posts\/15034","targetHints":{"allow":["GET"]}}],"collection":[{"href":"https:\/\/arroyitoonline.com.ar\/index.php?rest_route=\/wp\/v2\/posts"}],"about":[{"href":"https:\/\/arroyitoonline.com.ar\/index.php?rest_route=\/wp\/v2\/types\/post"}],"author":[{"embeddable":true,"href":"https:\/\/arroyitoonline.com.ar\/index.php?rest_route=\/wp\/v2\/users\/3"}],"replies":[{"embeddable":true,"href":"https:\/\/arroyitoonline.com.ar\/index.php?rest_route=%2Fwp%2Fv2%2Fcomments&post=15034"}],"version-history":[{"count":1,"href":"https:\/\/arroyitoonline.com.ar\/index.php?rest_route=\/wp\/v2\/posts\/15034\/revisions"}],"predecessor-version":[{"id":15036,"href":"https:\/\/arroyitoonline.com.ar\/index.php?rest_route=\/wp\/v2\/posts\/15034\/revisions\/15036"}],"wp:featuredmedia":[{"embeddable":true,"href":"https:\/\/arroyitoonline.com.ar\/index.php?rest_route=\/wp\/v2\/media\/15035"}],"wp:attachment":[{"href":"https:\/\/arroyitoonline.com.ar\/index.php?rest_route=%2Fwp%2Fv2%2Fmedia&parent=15034"}],"wp:term":[{"taxonomy":"category","embeddable":true,"href":"https:\/\/arroyitoonline.com.ar\/index.php?rest_route=%2Fwp%2Fv2%2Fcategories&post=15034"},{"taxonomy":"post_tag","embeddable":true,"href":"https:\/\/arroyitoonline.com.ar\/index.php?rest_route=%2Fwp%2Fv2%2Ftags&post=15034"}],"curies":[{"name":"wp","href":"https:\/\/api.w.org\/{rel}","templated":true}]}}