{"id":15068,"date":"2023-01-18T14:57:47","date_gmt":"2023-01-18T14:57:47","guid":{"rendered":"https:\/\/arroyitoonline.com.ar\/?p=15068"},"modified":"2023-01-18T14:57:48","modified_gmt":"2023-01-18T14:57:48","slug":"arroyito-potencia-su-costanera-volviendola-una-de-las-mas-elegidas-de-la-region","status":"publish","type":"post","link":"https:\/\/arroyitoonline.com.ar\/?p=15068","title":{"rendered":"Arroyito potencia su Costanera volvi\u00e9ndola una de las m\u00e1s elegidas de la regi\u00f3n"},"content":{"rendered":"\n<p><strong>En lo que va de la temporada, ingresaron al estacionamiento municipal controlado m\u00e1s de 3000 autos y fueron recibidos 60 acampantes en el camping.<\/strong><\/p>\n\n\n\n<p>Desde el inicio de la gesti\u00f3n, la coordinaci\u00f3n del Balneario Municipal hizo hincapi\u00e9 en el fortalecimiento del turismo de Arroyito, con \u00e9nfasis en la Costanera, que es elegida por vecinos de Arroyito y la regi\u00f3n.<\/p>\n\n\n\n<p>Desde el arranque de la temporada\u00a0se encuentra en acci\u00f3n el grupo de prevenci\u00f3n, formado por personal del Polideportivo Municipal capacitado y asesorado por un miembro de Bomberos Voluntarios; que todos los fines de semanas trabaja en las Costas del Xanaes.\u00a0El objetivo es colaborar con los turistas previniendo y advirtiendo sobre posibles riesgos. Tambi\u00e9n est\u00e1 a disposici\u00f3n ante cualquier inconveniente que surja en el per\u00edmetro del Balneario. Por su parte, en funci\u00f3n del color de la bandera indica\u00a0c\u00f3mo est\u00e1 el cauce del r\u00edo, advierte de zonas profundas y sectores habilitados para el nado y el esparcimiento de vecinos y visitantes.<\/p>\n\n\n<div class=\"wp-block-image\">\n<figure class=\"aligncenter size-full\"><img loading=\"lazy\" decoding=\"async\" width=\"1024\" height=\"684\" src=\"https:\/\/arroyitoonline.com.ar\/wp-content\/uploads\/2023\/01\/puente-colgante-costanera.jpeg\" alt=\"\" class=\"wp-image-15070\" srcset=\"https:\/\/arroyitoonline.com.ar\/wp-content\/uploads\/2023\/01\/puente-colgante-costanera.jpeg 1024w, https:\/\/arroyitoonline.com.ar\/wp-content\/uploads\/2023\/01\/puente-colgante-costanera-300x200.jpeg 300w, https:\/\/arroyitoonline.com.ar\/wp-content\/uploads\/2023\/01\/puente-colgante-costanera-768x513.jpeg 768w\" sizes=\"auto, (max-width: 1024px) 100vw, 1024px\" \/><figcaption class=\"wp-element-caption\"><em>La Costanera de Arroyito recibe vecinos de la ciudad y la regi\u00f3n.<\/em><\/figcaption><\/figure>\n<\/div>\n\n\n<p><em>Datos en lo que va de la temporada<\/em><\/p>\n\n\n\n<p>En lo que va del a\u00f1o ingresaron al estacionamiento municipal controlado m\u00e1s de 3000 autos, n\u00famero que no incluye motos ni autos que no entran a ese espacio.<\/p>\n\n\n\n<p>Ya fueron recibidos 60 acampantes en el sector de camping y miles de vecinos que recorren las Costas del Xanaes y el Paseo del Artesano.<\/p>\n\n\n\n<p><em>&#8220;Recuperamos el pulm\u00f3n verde de la ciudad, lo embellecimos, le incorporamos obras y un equipo de trabajo que lo mantiene en perfectas condiciones, de lunes a lunes&#8221;<\/em>, dijeron desde el Gobierno Municipal y remarcaron que <em>&#8220;Arroyito tiene una de las costaneras m\u00e1s hermosas de la regi\u00f3n y esto lo logramos trabajando juntos con hechos concretos&#8221;<\/em>. <\/p>\n","protected":false},"excerpt":{"rendered":"<p>En lo que va de la temporada, ingresaron al estacionamiento municipal controlado m\u00e1s de 3000 autos y fueron recibidos 60&hellip;<\/p>\n","protected":false},"author":3,"featured_media":15069,"comment_status":"closed","ping_status":"open","sticky":false,"template":"","format":"standard","meta":{"footnotes":""},"categories":[1346],"tags":[66,67,836,95,1069,1102,572,690,795],"class_list":["post-15068","post","type-post","status-publish","format-standard","has-post-thumbnail","hentry","category-turismo","tag-arroyito","tag-arroyito-cordoba","tag-arroyito-online","tag-balneario","tag-costanera","tag-gobierno-municipal","tag-noticias-de-arroyito-y-zona","tag-rio-xanaes","tag-verano"],"_links":{"self":[{"href":"https:\/\/arroyitoonline.com.ar\/index.php?rest_route=\/wp\/v2\/posts\/15068","targetHints":{"allow":["GET"]}}],"collection":[{"href":"https:\/\/arroyitoonline.com.ar\/index.php?rest_route=\/wp\/v2\/posts"}],"about":[{"href":"https:\/\/arroyitoonline.com.ar\/index.php?rest_route=\/wp\/v2\/types\/post"}],"author":[{"embeddable":true,"href":"https:\/\/arroyitoonline.com.ar\/index.php?rest_route=\/wp\/v2\/users\/3"}],"replies":[{"embeddable":true,"href":"https:\/\/arroyitoonline.com.ar\/index.php?rest_route=%2Fwp%2Fv2%2Fcomments&post=15068"}],"version-history":[{"count":1,"href":"https:\/\/arroyitoonline.com.ar\/index.php?rest_route=\/wp\/v2\/posts\/15068\/revisions"}],"predecessor-version":[{"id":15071,"href":"https:\/\/arroyitoonline.com.ar\/index.php?rest_route=\/wp\/v2\/posts\/15068\/revisions\/15071"}],"wp:featuredmedia":[{"embeddable":true,"href":"https:\/\/arroyitoonline.com.ar\/index.php?rest_route=\/wp\/v2\/media\/15069"}],"wp:attachment":[{"href":"https:\/\/arroyitoonline.com.ar\/index.php?rest_route=%2Fwp%2Fv2%2Fmedia&parent=15068"}],"wp:term":[{"taxonomy":"category","embeddable":true,"href":"https:\/\/arroyitoonline.com.ar\/index.php?rest_route=%2Fwp%2Fv2%2Fcategories&post=15068"},{"taxonomy":"post_tag","embeddable":true,"href":"https:\/\/arroyitoonline.com.ar\/index.php?rest_route=%2Fwp%2Fv2%2Ftags&post=15068"}],"curies":[{"name":"wp","href":"https:\/\/api.w.org\/{rel}","templated":true}]}}