{"id":15082,"date":"2023-01-25T13:29:52","date_gmt":"2023-01-25T13:29:52","guid":{"rendered":"https:\/\/arroyitoonline.com.ar\/?p=15082"},"modified":"2023-01-25T13:29:53","modified_gmt":"2023-01-25T13:29:53","slug":"la-policia-identifico-y-detuvo-a-tres-hombres-que-habian-ocasionado-robos-en-autos-con-inhibidores-de-alarmas","status":"publish","type":"post","link":"https:\/\/arroyitoonline.com.ar\/?p=15082","title":{"rendered":"La Polic\u00eda identific\u00f3 y detuvo a tres hombres que hab\u00edan ocasionado robos en autos con inhibidores de alarmas"},"content":{"rendered":"\n<p><strong>Personal de franco observ\u00f3, en pleno centro, cuando uno de ellos se acerc\u00f3 a un Chevrolet Cruze gris, intent\u00f3 abrir la puerta, no lo logr\u00f3 y se retir\u00f3 del lugar.<\/strong><\/p>\n\n\n\n<p>A las 13:30 horas, personal policial que se encontraba de franco de servicio observ\u00f3 en la zona c\u00e9ntrica, una camioneta Renault Koleos de color blanco, con tres ocupantes. Uno de ellos descendi\u00f3 y se acerc\u00f3 a un Chevrolet Cruze gris e intent\u00f3 abrir la puerta del veh\u00edculo, pero no lo logr\u00f3 y se retir\u00f3 del lugar.<\/p>\n\n\n\n<p>A continuaci\u00f3n, personal policial de guardia intercept\u00f3 al rodado en la esquina de 25 de Mayo y Rivadavia, identificando a los ocupantes, trat\u00e1ndose de tres hombres de 62, 60 y 36 a\u00f1os, todos de C\u00f3rdoba Capital.<\/p>\n\n\n\n<p>Adem\u00e1s, la Polic\u00eda requis\u00f3 la camioneta y secuestr\u00f3 una radio tipo Handy, un llavero con control remoto, tres guantes de color negro, tres tel\u00e9fonos celulares y varias herramientas.<\/p>\n\n\n\n<p>Se destaca que el auto fue reconocido por el personal de franco de servicio, tras haber tomado conocimiento de que, d\u00edas atr\u00e1s, los sujetos hab\u00edan ocasionado hechos de robo calificado en veh\u00edculos de la v\u00eda p\u00fablica, mediante la utilizaci\u00f3n de inhibidores de alarmas.<\/p>\n\n\n\n<p>Se procedi\u00f3 a la aprehensi\u00f3n y al traslado de los tres hombres a la Comisar\u00eda, donde quedaron a disposici\u00f3n de la Fiscal\u00eda de Feria.L<\/p>\n\n\n\n<p>La captura pertenece al video tomado por la c\u00e1mara de seguridad de un comercio, la semana pasada.<\/p>\n","protected":false},"excerpt":{"rendered":"<p>Personal de franco observ\u00f3, en pleno centro, cuando uno de ellos se acerc\u00f3 a un Chevrolet Cruze gris, intent\u00f3 abrir&hellip;<\/p>\n","protected":false},"author":3,"featured_media":15083,"comment_status":"closed","ping_status":"open","sticky":false,"template":"","format":"standard","meta":{"footnotes":""},"categories":[824],"tags":[66,67,836,84,285,572,635,637,638,825,693,792],"class_list":["post-15082","post","type-post","status-publish","format-standard","has-post-thumbnail","hentry","category-policiales-online","tag-arroyito","tag-arroyito-cordoba","tag-arroyito-online","tag-automotor","tag-detencion","tag-noticias-de-arroyito-y-zona","tag-policia","tag-policiales","tag-policiales-arroyito","tag-policiales-online","tag-robo","tag-vehiculos"],"_links":{"self":[{"href":"https:\/\/arroyitoonline.com.ar\/index.php?rest_route=\/wp\/v2\/posts\/15082","targetHints":{"allow":["GET"]}}],"collection":[{"href":"https:\/\/arroyitoonline.com.ar\/index.php?rest_route=\/wp\/v2\/posts"}],"about":[{"href":"https:\/\/arroyitoonline.com.ar\/index.php?rest_route=\/wp\/v2\/types\/post"}],"author":[{"embeddable":true,"href":"https:\/\/arroyitoonline.com.ar\/index.php?rest_route=\/wp\/v2\/users\/3"}],"replies":[{"embeddable":true,"href":"https:\/\/arroyitoonline.com.ar\/index.php?rest_route=%2Fwp%2Fv2%2Fcomments&post=15082"}],"version-history":[{"count":1,"href":"https:\/\/arroyitoonline.com.ar\/index.php?rest_route=\/wp\/v2\/posts\/15082\/revisions"}],"predecessor-version":[{"id":15084,"href":"https:\/\/arroyitoonline.com.ar\/index.php?rest_route=\/wp\/v2\/posts\/15082\/revisions\/15084"}],"wp:featuredmedia":[{"embeddable":true,"href":"https:\/\/arroyitoonline.com.ar\/index.php?rest_route=\/wp\/v2\/media\/15083"}],"wp:attachment":[{"href":"https:\/\/arroyitoonline.com.ar\/index.php?rest_route=%2Fwp%2Fv2%2Fmedia&parent=15082"}],"wp:term":[{"taxonomy":"category","embeddable":true,"href":"https:\/\/arroyitoonline.com.ar\/index.php?rest_route=%2Fwp%2Fv2%2Fcategories&post=15082"},{"taxonomy":"post_tag","embeddable":true,"href":"https:\/\/arroyitoonline.com.ar\/index.php?rest_route=%2Fwp%2Fv2%2Ftags&post=15082"}],"curies":[{"name":"wp","href":"https:\/\/api.w.org\/{rel}","templated":true}]}}