{"id":15091,"date":"2023-01-27T00:59:46","date_gmt":"2023-01-27T00:59:46","guid":{"rendered":"https:\/\/arroyitoonline.com.ar\/?p=15091"},"modified":"2023-01-27T00:59:46","modified_gmt":"2023-01-27T00:59:46","slug":"la-policia-recupero-un-tractor-robado-en-un-campo-de-arroyito-estaba-en-santiago-del-estero","status":"publish","type":"post","link":"https:\/\/arroyitoonline.com.ar\/?p=15091","title":{"rendered":"La Polic\u00eda recuper\u00f3 un tractor robado en un campo de Arroyito: estaba en Santiago del Estero"},"content":{"rendered":"\n<p><strong>La maquinaria agr\u00edcola fue sustra\u00edda y trasladada desde esta ciudad hasta zona rural de A\u00f1atuya, en un cami\u00f3n, que tambi\u00e9n secuestr\u00f3 personal policial.<\/strong><\/p>\n\n\n\n<p>Personal de la Patrulla Rural y uniformados de la Comisar\u00eda de Distrito Arroyito realizaron arduas tareas investigativas, por el robo de un tractor ocurrido el 20 de enero pasado en la zona rural de esta ciudad, del que result\u00f3 damnificado un hombre de 43 a\u00f1os.<\/p>\n\n\n\n<p>Hoy a las 4:00 de la madrugada secuestraron la maquinaria agr\u00edcola en un campo de A\u00f1atuya (Santiago del Estero). Adem\u00e1s, identificaron el veh\u00edculo en el cual trasladaron el tractor robado, desde las inmediaciones de Arroyito hasta la zona rural de la provincia de Santiago del Estero.<\/p>\n\n\n\n<p>En este marco, la Polic\u00eda procedi\u00f3 al secuestro de un tractor Massey Ferguson de color rojo, relacionado a la causa que se investiga, que qued\u00f3 a disposici\u00f3n del magistrado interviniente.<\/p>\n\n\n\n<p>Fuente: secci\u00f3n Prensa UR Departamental San Justo. <\/p>\n\n\n\n<p>La foto es gentileza de Radio Cooperativa y fue capturada por la c\u00e1mara de seguridad de un comercio.<\/p>\n","protected":false},"excerpt":{"rendered":"<p>La maquinaria agr\u00edcola fue sustra\u00edda y trasladada desde esta ciudad hasta zona rural de A\u00f1atuya, en un cami\u00f3n, que tambi\u00e9n&hellip;<\/p>\n","protected":false},"author":3,"featured_media":15092,"comment_status":"closed","ping_status":"open","sticky":false,"template":"","format":"standard","meta":{"footnotes":""},"categories":[824],"tags":[66,67,836,146,572,635,637,638,825,693,1347],"class_list":["post-15091","post","type-post","status-publish","format-standard","has-post-thumbnail","hentry","category-policiales-online","tag-arroyito","tag-arroyito-cordoba","tag-arroyito-online","tag-campo","tag-noticias-de-arroyito-y-zona","tag-policia","tag-policiales","tag-policiales-arroyito","tag-policiales-online","tag-robo","tag-tractor"],"_links":{"self":[{"href":"https:\/\/arroyitoonline.com.ar\/index.php?rest_route=\/wp\/v2\/posts\/15091","targetHints":{"allow":["GET"]}}],"collection":[{"href":"https:\/\/arroyitoonline.com.ar\/index.php?rest_route=\/wp\/v2\/posts"}],"about":[{"href":"https:\/\/arroyitoonline.com.ar\/index.php?rest_route=\/wp\/v2\/types\/post"}],"author":[{"embeddable":true,"href":"https:\/\/arroyitoonline.com.ar\/index.php?rest_route=\/wp\/v2\/users\/3"}],"replies":[{"embeddable":true,"href":"https:\/\/arroyitoonline.com.ar\/index.php?rest_route=%2Fwp%2Fv2%2Fcomments&post=15091"}],"version-history":[{"count":1,"href":"https:\/\/arroyitoonline.com.ar\/index.php?rest_route=\/wp\/v2\/posts\/15091\/revisions"}],"predecessor-version":[{"id":15093,"href":"https:\/\/arroyitoonline.com.ar\/index.php?rest_route=\/wp\/v2\/posts\/15091\/revisions\/15093"}],"wp:featuredmedia":[{"embeddable":true,"href":"https:\/\/arroyitoonline.com.ar\/index.php?rest_route=\/wp\/v2\/media\/15092"}],"wp:attachment":[{"href":"https:\/\/arroyitoonline.com.ar\/index.php?rest_route=%2Fwp%2Fv2%2Fmedia&parent=15091"}],"wp:term":[{"taxonomy":"category","embeddable":true,"href":"https:\/\/arroyitoonline.com.ar\/index.php?rest_route=%2Fwp%2Fv2%2Fcategories&post=15091"},{"taxonomy":"post_tag","embeddable":true,"href":"https:\/\/arroyitoonline.com.ar\/index.php?rest_route=%2Fwp%2Fv2%2Ftags&post=15091"}],"curies":[{"name":"wp","href":"https:\/\/api.w.org\/{rel}","templated":true}]}}