{"id":15094,"date":"2023-01-27T19:19:33","date_gmt":"2023-01-27T19:19:33","guid":{"rendered":"https:\/\/arroyitoonline.com.ar\/?p=15094"},"modified":"2023-01-27T19:19:34","modified_gmt":"2023-01-27T19:19:34","slug":"sacanta-perdio-la-vida-una-motociclista-en-tragico-accidente-vial-sobre-la-ruta","status":"publish","type":"post","link":"https:\/\/arroyitoonline.com.ar\/?p=15094","title":{"rendered":"Sacanta: perdi\u00f3 la vida una motociclista en tr\u00e1gico accidente vial sobre la ruta"},"content":{"rendered":"\n<p><strong>La joven mujer de 22 a\u00f1os ten\u00eda domicilio en zona rural de la ciudad de Arroyito.<\/strong><\/p>\n\n\n\n<p>Alrededor de las 14:40 horas, la Polic\u00eda tom\u00f3 conocimiento de un accidente de tr\u00e1nsito fatal ocurrido momentos antes sobre la Ruta Provincial E-52, a la altura de Sacanta, en el cual perdi\u00f3 la vida una joven mujer.<\/p>\n\n\n\n<p>En ese lugar, una camioneta VW Amarok de color negro conducida por un hombre de 34 a\u00f1os oriundo de Arroyito colision\u00f3, por causas a establecerse, en la parte trasera de una moto Keller 110 cc de color negro, que era guiada por una joven de 22 a\u00f1os, con domicilio en zona rural de esta ciudad.<\/p>\n\n\n\n<p>Ambos veh\u00edculos circulaban con sentido de norte a sur y, producto del impacto, la conductora del rodado menor perdi\u00f3 la vida al instante.<\/p>\n\n\n\n<p>Trabajan en el sector, personal policial, Polic\u00eda Caminera y agentes de Tr\u00e1nsito. Intervino Fiscal\u00eda de Instrucci\u00f3n de feria de San Francisco. La calzada no se encuentra interrumpida.<\/p>\n\n\n\n<p>Fuente: secci\u00f3n Prensa UR Departamental San Justo.<\/p>\n","protected":false},"excerpt":{"rendered":"<p>La joven mujer de 22 a\u00f1os ten\u00eda domicilio en zona rural de la ciudad de Arroyito. Alrededor de las 14:40&hellip;<\/p>\n","protected":false},"author":3,"featured_media":15095,"comment_status":"closed","ping_status":"open","sticky":false,"template":"","format":"standard","meta":{"footnotes":""},"categories":[824],"tags":[66,67,836,191,308,875,1086,547,548,572,635,637,638,825,702],"class_list":["post-15094","post","type-post","status-publish","format-standard","has-post-thumbnail","hentry","category-policiales-online","tag-arroyito","tag-arroyito-cordoba","tag-arroyito-online","tag-choque","tag-e52","tag-jovenes-2","tag-moto","tag-motos","tag-muerte","tag-noticias-de-arroyito-y-zona","tag-policia","tag-policiales","tag-policiales-arroyito","tag-policiales-online","tag-sacanta"],"_links":{"self":[{"href":"https:\/\/arroyitoonline.com.ar\/index.php?rest_route=\/wp\/v2\/posts\/15094","targetHints":{"allow":["GET"]}}],"collection":[{"href":"https:\/\/arroyitoonline.com.ar\/index.php?rest_route=\/wp\/v2\/posts"}],"about":[{"href":"https:\/\/arroyitoonline.com.ar\/index.php?rest_route=\/wp\/v2\/types\/post"}],"author":[{"embeddable":true,"href":"https:\/\/arroyitoonline.com.ar\/index.php?rest_route=\/wp\/v2\/users\/3"}],"replies":[{"embeddable":true,"href":"https:\/\/arroyitoonline.com.ar\/index.php?rest_route=%2Fwp%2Fv2%2Fcomments&post=15094"}],"version-history":[{"count":1,"href":"https:\/\/arroyitoonline.com.ar\/index.php?rest_route=\/wp\/v2\/posts\/15094\/revisions"}],"predecessor-version":[{"id":15096,"href":"https:\/\/arroyitoonline.com.ar\/index.php?rest_route=\/wp\/v2\/posts\/15094\/revisions\/15096"}],"wp:featuredmedia":[{"embeddable":true,"href":"https:\/\/arroyitoonline.com.ar\/index.php?rest_route=\/wp\/v2\/media\/15095"}],"wp:attachment":[{"href":"https:\/\/arroyitoonline.com.ar\/index.php?rest_route=%2Fwp%2Fv2%2Fmedia&parent=15094"}],"wp:term":[{"taxonomy":"category","embeddable":true,"href":"https:\/\/arroyitoonline.com.ar\/index.php?rest_route=%2Fwp%2Fv2%2Fcategories&post=15094"},{"taxonomy":"post_tag","embeddable":true,"href":"https:\/\/arroyitoonline.com.ar\/index.php?rest_route=%2Fwp%2Fv2%2Ftags&post=15094"}],"curies":[{"name":"wp","href":"https:\/\/api.w.org\/{rel}","templated":true}]}}