{"id":15107,"date":"2023-02-06T14:43:56","date_gmt":"2023-02-06T14:43:56","guid":{"rendered":"https:\/\/arroyitoonline.com.ar\/?p=15107"},"modified":"2023-02-06T14:43:57","modified_gmt":"2023-02-06T14:43:57","slug":"entraron-a-robar-a-dos-viviendas-contiguas","status":"publish","type":"post","link":"https:\/\/arroyitoonline.com.ar\/?p=15107","title":{"rendered":"Entraron a robar a dos viviendas contiguas"},"content":{"rendered":"\n<p><strong>Los inmuebles se encontraban sin da\u00f1os en sus aberturas, dado que las puertas traseras estaban, en los dos casos, sin medidas de seguridad. <\/strong><\/p>\n\n\n\n<p>A las 23:25 del s\u00e1bado, personal policial se constituy\u00f3 en dos viviendas de calle Esqui\u00fa al 800 donde entrevisto a un hombre de 37 a\u00f1os, quien aport\u00f3 que estuvo ausente de su domicilio y, cuando regres\u00f3, constat\u00f3 que le faltaba una m\u00e1quina de cortar el cabello.<\/p>\n\n\n\n<p>Por otro lado, la Polic\u00eda entrevist\u00f3 a un joven de 29 a\u00f1os, quien manifest\u00f3 que autores ignorados en su ausencia le sustrajeron tres tel\u00e9fonos celulares y una mochila.<\/p>\n\n\n\n<p>Se destaca que ambos inmuebles se encontraban sin da\u00f1os en sus aberturas, dado que las puertas traseras estaban, en los dos casos, sin medidas de seguridad. Se brind\u00f3 contenci\u00f3n a los damnificados y se iniciaron investigaciones. Intervine, la Fiscal\u00eda de Instrucci\u00f3n de turno de la Arroyito.<\/p>\n\n\n\n<p>Fuente: secci\u00f3n Prensa UR Departamental San Justo.<\/p>\n","protected":false},"excerpt":{"rendered":"<p>Los inmuebles se encontraban sin da\u00f1os en sus aberturas, dado que las puertas traseras estaban, en los dos casos, sin&hellip;<\/p>\n","protected":false},"author":3,"featured_media":9911,"comment_status":"closed","ping_status":"open","sticky":false,"template":"","format":"standard","meta":{"footnotes":""},"categories":[824],"tags":[66,67,836,572,635,637,638,825,693,694],"class_list":["post-15107","post","type-post","status-publish","format-standard","has-post-thumbnail","hentry","category-policiales-online","tag-arroyito","tag-arroyito-cordoba","tag-arroyito-online","tag-noticias-de-arroyito-y-zona","tag-policia","tag-policiales","tag-policiales-arroyito","tag-policiales-online","tag-robo","tag-robos"],"_links":{"self":[{"href":"https:\/\/arroyitoonline.com.ar\/index.php?rest_route=\/wp\/v2\/posts\/15107","targetHints":{"allow":["GET"]}}],"collection":[{"href":"https:\/\/arroyitoonline.com.ar\/index.php?rest_route=\/wp\/v2\/posts"}],"about":[{"href":"https:\/\/arroyitoonline.com.ar\/index.php?rest_route=\/wp\/v2\/types\/post"}],"author":[{"embeddable":true,"href":"https:\/\/arroyitoonline.com.ar\/index.php?rest_route=\/wp\/v2\/users\/3"}],"replies":[{"embeddable":true,"href":"https:\/\/arroyitoonline.com.ar\/index.php?rest_route=%2Fwp%2Fv2%2Fcomments&post=15107"}],"version-history":[{"count":1,"href":"https:\/\/arroyitoonline.com.ar\/index.php?rest_route=\/wp\/v2\/posts\/15107\/revisions"}],"predecessor-version":[{"id":15108,"href":"https:\/\/arroyitoonline.com.ar\/index.php?rest_route=\/wp\/v2\/posts\/15107\/revisions\/15108"}],"wp:featuredmedia":[{"embeddable":true,"href":"https:\/\/arroyitoonline.com.ar\/index.php?rest_route=\/wp\/v2\/media\/9911"}],"wp:attachment":[{"href":"https:\/\/arroyitoonline.com.ar\/index.php?rest_route=%2Fwp%2Fv2%2Fmedia&parent=15107"}],"wp:term":[{"taxonomy":"category","embeddable":true,"href":"https:\/\/arroyitoonline.com.ar\/index.php?rest_route=%2Fwp%2Fv2%2Fcategories&post=15107"},{"taxonomy":"post_tag","embeddable":true,"href":"https:\/\/arroyitoonline.com.ar\/index.php?rest_route=%2Fwp%2Fv2%2Ftags&post=15107"}],"curies":[{"name":"wp","href":"https:\/\/api.w.org\/{rel}","templated":true}]}}