{"id":15131,"date":"2023-03-01T14:08:16","date_gmt":"2023-03-01T14:08:16","guid":{"rendered":"https:\/\/arroyitoonline.com.ar\/?p=15131"},"modified":"2023-03-01T14:08:16","modified_gmt":"2023-03-01T14:08:16","slug":"vialidad-nacional-comenzo-con-el-arreglo-de-las-avenidas-serra-y-brochero","status":"publish","type":"post","link":"https:\/\/arroyitoonline.com.ar\/?p=15131","title":{"rendered":"Vialidad Nacional comenz\u00f3 con el arreglo de las avenidas Serra y Brochero"},"content":{"rendered":"\n<p><strong>El paso del tr\u00e1nsito pesado genera inconvenientes en vecinos del sector. Benedetti gestion\u00f3 la obra y ayer iniciaron los trabajos. <\/strong><\/p>\n\n\n\n<p><strong>Ayer<\/strong> <strong>comenz\u00f3 el arreglo total de las avenidas Manuel Serra y Cura Brochero, producto de que hace mucho tiempo esas arterias son demasiado transitadas debido al desv\u00edo de la autopista, que a\u00fan est\u00e1 en construcci\u00f3n. <\/strong><\/p>\n\n\n\n<p>Esta situaci\u00f3n ha generado muchos inconvenientes en los vecinos del sector. En este marco, el intendente Gustavo Benedetti ha gestionado ante Vialidad Nacional, la obra de mejoras totales de la calzada de las dos avenidas.<\/p>\n\n\n\n<figure class=\"wp-block-image size-large\"><img loading=\"lazy\" decoding=\"async\" width=\"1024\" height=\"681\" src=\"https:\/\/arroyitoonline.com.ar\/wp-content\/uploads\/2023\/03\/arreglos-en-la-avenida-manuel-serra-1024x681.jpg\" alt=\"\" class=\"wp-image-15133\" srcset=\"https:\/\/arroyitoonline.com.ar\/wp-content\/uploads\/2023\/03\/arreglos-en-la-avenida-manuel-serra-1024x681.jpg 1024w, https:\/\/arroyitoonline.com.ar\/wp-content\/uploads\/2023\/03\/arreglos-en-la-avenida-manuel-serra-300x200.jpg 300w, https:\/\/arroyitoonline.com.ar\/wp-content\/uploads\/2023\/03\/arreglos-en-la-avenida-manuel-serra-768x511.jpg 768w, https:\/\/arroyitoonline.com.ar\/wp-content\/uploads\/2023\/03\/arreglos-en-la-avenida-manuel-serra-1536x1022.jpg 1536w, https:\/\/arroyitoonline.com.ar\/wp-content\/uploads\/2023\/03\/arreglos-en-la-avenida-manuel-serra-scaled.jpg 2048w\" sizes=\"auto, (max-width: 1024px) 100vw, 1024px\" \/><figcaption class=\"wp-element-caption\"><strong><em>El intendente Benedetti y el ingeniero Javier Basualdo, de Vialidad Nacional, recorrieron el inicio de obra, que comenz\u00f3 con la llegada de maquinarias y materiales.<\/em><\/strong><\/figcaption><\/figure>\n\n\n\n<p><strong>Se est\u00e1 realizando un abovedado, compactado con agregado de fresado de 1800 metros, desde Av. Serra y Lavalle hasta Cura Brochero.<\/strong>\u00a0El objetivo es ir trabajando en etapas para no interrumpir el tr\u00e1nsito de veh\u00edculos.<\/p>\n\n\n\n<blockquote class=\"wp-block-quote is-layout-flow wp-block-quote-is-layout-flow\">\n<p><strong><em>\u201cHemos logrado que Vialidad Nacional se preocupe y hoy este trabajando en Arroyito en esta importante obra para los vecinos. Las buenas relaciones que hemos construido en estos tres a\u00f1os y medio de gesti\u00f3n hacen a que podamos tener distintas obras\u201d<\/em>\u00a0<\/strong><\/p>\n<cite><strong>expres\u00f3 Benedetti.<\/strong><\/cite><\/blockquote>\n","protected":false},"excerpt":{"rendered":"<p>El paso del tr\u00e1nsito pesado genera inconvenientes en vecinos del sector. Benedetti gestion\u00f3 la obra y ayer iniciaron los trabajos.&hellip;<\/p>\n","protected":false},"author":3,"featured_media":15132,"comment_status":"closed","ping_status":"open","sticky":false,"template":"","format":"standard","meta":{"footnotes":""},"categories":[1044],"tags":[66,67,836,138,1102,556,572,578,797],"class_list":["post-15131","post","type-post","status-publish","format-standard","has-post-thumbnail","hentry","category-obras-publicas","tag-arroyito","tag-arroyito-cordoba","tag-arroyito-online","tag-calles","tag-gobierno-municipal","tag-municipalidad-de-arroyito","tag-noticias-de-arroyito-y-zona","tag-obras-publicas","tag-vialidad"],"_links":{"self":[{"href":"https:\/\/arroyitoonline.com.ar\/index.php?rest_route=\/wp\/v2\/posts\/15131","targetHints":{"allow":["GET"]}}],"collection":[{"href":"https:\/\/arroyitoonline.com.ar\/index.php?rest_route=\/wp\/v2\/posts"}],"about":[{"href":"https:\/\/arroyitoonline.com.ar\/index.php?rest_route=\/wp\/v2\/types\/post"}],"author":[{"embeddable":true,"href":"https:\/\/arroyitoonline.com.ar\/index.php?rest_route=\/wp\/v2\/users\/3"}],"replies":[{"embeddable":true,"href":"https:\/\/arroyitoonline.com.ar\/index.php?rest_route=%2Fwp%2Fv2%2Fcomments&post=15131"}],"version-history":[{"count":1,"href":"https:\/\/arroyitoonline.com.ar\/index.php?rest_route=\/wp\/v2\/posts\/15131\/revisions"}],"predecessor-version":[{"id":15134,"href":"https:\/\/arroyitoonline.com.ar\/index.php?rest_route=\/wp\/v2\/posts\/15131\/revisions\/15134"}],"wp:featuredmedia":[{"embeddable":true,"href":"https:\/\/arroyitoonline.com.ar\/index.php?rest_route=\/wp\/v2\/media\/15132"}],"wp:attachment":[{"href":"https:\/\/arroyitoonline.com.ar\/index.php?rest_route=%2Fwp%2Fv2%2Fmedia&parent=15131"}],"wp:term":[{"taxonomy":"category","embeddable":true,"href":"https:\/\/arroyitoonline.com.ar\/index.php?rest_route=%2Fwp%2Fv2%2Fcategories&post=15131"},{"taxonomy":"post_tag","embeddable":true,"href":"https:\/\/arroyitoonline.com.ar\/index.php?rest_route=%2Fwp%2Fv2%2Ftags&post=15131"}],"curies":[{"name":"wp","href":"https:\/\/api.w.org\/{rel}","templated":true}]}}