{"id":15135,"date":"2023-03-02T13:05:04","date_gmt":"2023-03-02T13:05:04","guid":{"rendered":"https:\/\/arroyitoonline.com.ar\/?p=15135"},"modified":"2023-03-02T13:17:56","modified_gmt":"2023-03-02T13:17:56","slug":"la-policia-detuvo-a-un-joven-de-frontera-con-frondosos-antecedentes","status":"publish","type":"post","link":"https:\/\/arroyitoonline.com.ar\/?p=15135","title":{"rendered":"Detuvieron a un joven de Frontera con frondosos antecedentes policiales"},"content":{"rendered":"\n<p><strong>El sujeto registraba orden de detenci\u00f3n vigente, por un hecho caratulado como tentativa de homicidio en ocasi\u00f3n de robo.<\/strong><\/p>\n\n\n\n<p>A las 12:50 horas de ayer, personal policial se encontraba realizando recorrido en inmediaciones de la calle San Martin al 50. En la v\u00eda p\u00fablica, los uniformados procedieron al control de un hombre de 27 a\u00f1os, de la ciudad de Frontera (Santa Fe).<\/p>\n\n\n\n<p>El sujeto registraba orden de detenci\u00f3n vigente, por un hecho caratulado como tentativa de homicidio en ocasi\u00f3n de robo, teniendo en su prontuario, cinco hechos de robos calificados reiterados y privaci\u00f3n ileg\u00edtima de la libertad. Todos los hechos fueron denunciados en las localidades de San Francisco y Frontera.<\/p>\n\n\n\n<p>La Polic\u00eda procedi\u00f3 a la detenci\u00f3n y al traslado del causante a la Comisar\u00eda local, quedando alojado a disposici\u00f3n del magistrado interviniente.<\/p>\n\n\n\n<p>Fuente: secci\u00f3n prensa UR Departamental San Justo.<\/p>\n","protected":false},"excerpt":{"rendered":"<p>El sujeto registraba orden de detenci\u00f3n vigente, por un hecho caratulado como tentativa de homicidio en ocasi\u00f3n de robo. A&hellip;<\/p>\n","protected":false},"author":3,"featured_media":15136,"comment_status":"closed","ping_status":"open","sticky":false,"template":"","format":"standard","meta":{"footnotes":""},"categories":[824],"tags":[66,67,836,285,572,635,637,638,825,693,710],"class_list":["post-15135","post","type-post","status-publish","format-standard","has-post-thumbnail","hentry","category-policiales-online","tag-arroyito","tag-arroyito-cordoba","tag-arroyito-online","tag-detencion","tag-noticias-de-arroyito-y-zona","tag-policia","tag-policiales","tag-policiales-arroyito","tag-policiales-online","tag-robo","tag-san-francisco"],"_links":{"self":[{"href":"https:\/\/arroyitoonline.com.ar\/index.php?rest_route=\/wp\/v2\/posts\/15135","targetHints":{"allow":["GET"]}}],"collection":[{"href":"https:\/\/arroyitoonline.com.ar\/index.php?rest_route=\/wp\/v2\/posts"}],"about":[{"href":"https:\/\/arroyitoonline.com.ar\/index.php?rest_route=\/wp\/v2\/types\/post"}],"author":[{"embeddable":true,"href":"https:\/\/arroyitoonline.com.ar\/index.php?rest_route=\/wp\/v2\/users\/3"}],"replies":[{"embeddable":true,"href":"https:\/\/arroyitoonline.com.ar\/index.php?rest_route=%2Fwp%2Fv2%2Fcomments&post=15135"}],"version-history":[{"count":2,"href":"https:\/\/arroyitoonline.com.ar\/index.php?rest_route=\/wp\/v2\/posts\/15135\/revisions"}],"predecessor-version":[{"id":15138,"href":"https:\/\/arroyitoonline.com.ar\/index.php?rest_route=\/wp\/v2\/posts\/15135\/revisions\/15138"}],"wp:featuredmedia":[{"embeddable":true,"href":"https:\/\/arroyitoonline.com.ar\/index.php?rest_route=\/wp\/v2\/media\/15136"}],"wp:attachment":[{"href":"https:\/\/arroyitoonline.com.ar\/index.php?rest_route=%2Fwp%2Fv2%2Fmedia&parent=15135"}],"wp:term":[{"taxonomy":"category","embeddable":true,"href":"https:\/\/arroyitoonline.com.ar\/index.php?rest_route=%2Fwp%2Fv2%2Fcategories&post=15135"},{"taxonomy":"post_tag","embeddable":true,"href":"https:\/\/arroyitoonline.com.ar\/index.php?rest_route=%2Fwp%2Fv2%2Ftags&post=15135"}],"curies":[{"name":"wp","href":"https:\/\/api.w.org\/{rel}","templated":true}]}}