{"id":15153,"date":"2023-03-13T13:49:20","date_gmt":"2023-03-13T13:49:20","guid":{"rendered":"https:\/\/arroyitoonline.com.ar\/?p=15153"},"modified":"2023-03-13T13:49:20","modified_gmt":"2023-03-13T13:49:20","slug":"se-realizara-la-audiencia-publica-digital-ambiental-por-el-loteo-los-eucaliptos","status":"publish","type":"post","link":"https:\/\/arroyitoonline.com.ar\/?p=15153","title":{"rendered":"Se realizar\u00e1 la Audiencia P\u00fablica Digital Ambiental por el &#8220;Loteo Los Eucaliptos&#8221;"},"content":{"rendered":"\n<p><strong>Se trata de un espacio virtual de participaci\u00f3n ciudadana, que complementa las evaluaciones de impacto ambiental.<\/strong><\/p>\n\n\n\n<p>Las Audiencias P\u00fablicas Ambientales son realizadas por la secretar\u00eda de Ambiente del Gobierno de la Provincia de C\u00f3rdoba, con el objetivo de que se genere un espacio de participaci\u00f3n ciudadana, que complemente las evaluaciones de impacto ambiental.<\/p>\n\n\n\n<p><em>Autoridad convocante:<\/em> Secretar\u00eda de Ambiente de la Provincia de C\u00f3rdoba.<br>Proponente: Sr. Juan Diego Colome.<br><em>Objeto:<\/em> estudio de Impacto Ambiental<strong> \u201cLOTEO LOS EUCALIPTOS\u201d<\/strong> Expte N\u00b0 0517- 029789\/2023 (Anexo I \u2013 inc. 37), a ubicarse en el sector oeste de la localidad de Arroyito, dentro del ejido municipal. Se ingresa al inmueble por las calles: Av. Mariano Moreno y Jos\u00e9 Boetto. Las coordenadas son: 31\u00b025\u00b414.87\u201d S ,63\u00b03\u00b452.24\u201d O, en un todo conforme a la documentaci\u00f3n y dem\u00e1s informaci\u00f3n disponible en <a href=\"https:\/\/participacion.cba.gov.ar\/audiencia\/182\" target=\"_blank\" rel=\"noreferrer noopener\">https:\/\/participacion.cba.gov.ar\/audiencia\/182<\/a>.<br><br><em>Fecha, hora y lugar de la audiencia:<\/em> 3 de abril de 2023 a las 10:00, en <a href=\"https:\/\/us02web.zoom.us\/j\/88687291269?pwd=NXNjYUR0K3FyQlM2b1FxYlE0dTNWZz09\">https:\/\/us02web.zoom.us\/j\/88687291269?pwd=NXNjYUR0K3FyQlM2b1FxYlE0dTNWZz09<\/a> (ID de reuni\u00f3n: 886 8729 1269 C\u00f3digo de acceso: 134538).<br><br><em>Plazo l\u00edmite de inscripci\u00f3n para participar de la Audiencia p\u00fablica:<\/em> 1 de abril de 2023 a las 10:00 horas, a trav\u00e9s de la Plataforma <a href=\"http:\/\/participacion.cba.gov.ar\" target=\"_blank\" rel=\"noreferrer noopener\">http:\/\/participacion.cba.gov.ar<\/a> (Nivel CIDI 2 requerido).<br><em>Observaciones:<\/em> el ciudadano podr\u00e1 inscribirse una sola vez en calidad de Asistente o Expositor; luego de aceptada la opci\u00f3n no podr\u00e1 cambiarla.<br><em>Toma de vista del expediente:<\/em> a los fines de tomar vista de las actuaciones, el interesado deber\u00e1 requerirlo por mail <strong>audienciaspublicasambiente@gmail.com<\/strong> hasta dos d\u00edas h\u00e1biles previos a la realizaci\u00f3n de la Audiencia P\u00fablica convocada.<br>Autoridades de la Audiencia: Calig. Andrea Caballero, Lic. Valentina Vergnano, sin perjuicio de la intervenci\u00f3n de otro personal y\/o autoridades de la Secretaria de Ambiente en caso de que sea necesario.<\/p>\n","protected":false},"excerpt":{"rendered":"<p>Se trata de un espacio virtual de participaci\u00f3n ciudadana, que complementa las evaluaciones de impacto ambiental. Las Audiencias P\u00fablicas Ambientales&hellip;<\/p>\n","protected":false},"author":3,"featured_media":15154,"comment_status":"closed","ping_status":"open","sticky":false,"template":"","format":"standard","meta":{"footnotes":""},"categories":[913],"tags":[66,67,836,964,404,405,1360,1361,572],"class_list":["post-15153","post","type-post","status-publish","format-standard","has-post-thumbnail","hentry","category-medio-ambiente","tag-arroyito","tag-arroyito-cordoba","tag-arroyito-online","tag-audiencia-publica-ambiental","tag-gobierno-de-cordoba","tag-gobierno-de-la-provincia","tag-impacto-ambiental","tag-loteo","tag-noticias-de-arroyito-y-zona"],"_links":{"self":[{"href":"https:\/\/arroyitoonline.com.ar\/index.php?rest_route=\/wp\/v2\/posts\/15153","targetHints":{"allow":["GET"]}}],"collection":[{"href":"https:\/\/arroyitoonline.com.ar\/index.php?rest_route=\/wp\/v2\/posts"}],"about":[{"href":"https:\/\/arroyitoonline.com.ar\/index.php?rest_route=\/wp\/v2\/types\/post"}],"author":[{"embeddable":true,"href":"https:\/\/arroyitoonline.com.ar\/index.php?rest_route=\/wp\/v2\/users\/3"}],"replies":[{"embeddable":true,"href":"https:\/\/arroyitoonline.com.ar\/index.php?rest_route=%2Fwp%2Fv2%2Fcomments&post=15153"}],"version-history":[{"count":1,"href":"https:\/\/arroyitoonline.com.ar\/index.php?rest_route=\/wp\/v2\/posts\/15153\/revisions"}],"predecessor-version":[{"id":15155,"href":"https:\/\/arroyitoonline.com.ar\/index.php?rest_route=\/wp\/v2\/posts\/15153\/revisions\/15155"}],"wp:featuredmedia":[{"embeddable":true,"href":"https:\/\/arroyitoonline.com.ar\/index.php?rest_route=\/wp\/v2\/media\/15154"}],"wp:attachment":[{"href":"https:\/\/arroyitoonline.com.ar\/index.php?rest_route=%2Fwp%2Fv2%2Fmedia&parent=15153"}],"wp:term":[{"taxonomy":"category","embeddable":true,"href":"https:\/\/arroyitoonline.com.ar\/index.php?rest_route=%2Fwp%2Fv2%2Fcategories&post=15153"},{"taxonomy":"post_tag","embeddable":true,"href":"https:\/\/arroyitoonline.com.ar\/index.php?rest_route=%2Fwp%2Fv2%2Ftags&post=15153"}],"curies":[{"name":"wp","href":"https:\/\/api.w.org\/{rel}","templated":true}]}}