{"id":15156,"date":"2023-03-14T14:49:04","date_gmt":"2023-03-14T14:49:04","guid":{"rendered":"https:\/\/arroyitoonline.com.ar\/?p=15156"},"modified":"2023-03-14T14:49:05","modified_gmt":"2023-03-14T14:49:05","slug":"el-fin-de-una-era-tras-75-anos-de-actividad-comercial-exposito-cierra-sus-puertas","status":"publish","type":"post","link":"https:\/\/arroyitoonline.com.ar\/?p=15156","title":{"rendered":"El fin de una era: tras 75 a\u00f1os de actividad comercial, Exp\u00f3sito cierra sus puertas"},"content":{"rendered":"\n<p><strong>As\u00ed lo anunci\u00f3 el titular del hist\u00f3rico corral\u00f3n, a trav\u00e9s de las redes sociales. El contador explic\u00f3 que el cese de actividades se debe a <em>&#8220;razones y circunstancias estrictamente personales&#8221;<\/em>.<\/strong><\/p>\n\n\n\n<p>La salida de uno de los comercios m\u00e1s tradicionales de Arroyito marca, sin ning\u00fan lugar a dudas, el fin de una era. Hace unas horas, el reconocido comerciante Marcelo Exp\u00f3sito anunci\u00f3 el cierre de su corral\u00f3n, el cual lleva 75 a\u00f1os de actividad y hab\u00eda sido fundado por su padre, en 1948.<\/p>\n\n\n\n<p>En este marco, el contador expres\u00f3 que el cierre del local es definitivo y, tanto las razones como las circunstancias, son <em>&#8220;estrictamente personales&#8221;<\/em>. Lo que resta de esta semana, es decir hasta el pr\u00f3ximo s\u00e1bado 18 de marzo, <em>&#8220;tendremos atenci\u00f3n al p\u00fablico normal (de 8:00 a 12:00 y de 16:00 a 20:00 horas). Posterior a esa fecha, y hasta el 31 de marzo inclusive, si bien ya no habr\u00e1 atenci\u00f3n abierta al p\u00fablico, estaremos haciendo trabajos internos en nuestro local y entregando productos a aquellos clientes que, hasta dicho momento, no lo hayan hecho&#8221;<\/em>, anunci\u00f3 Marcelo Exp\u00f3sito en el comunicado. <\/p>\n\n\n\n<figure class=\"wp-block-pullquote\"><blockquote><p><em>&#8220;Estuve a cargo de Exp\u00f3sito durante 30 a\u00f1os, haci\u00e9ndome cargo de un comercio ya en marcha heredado de mi padre. Me retiro de esta actividad satisfecho por los logros alcanzados y absolutamente agradecido: con quienes, como empleados, se desempe\u00f1aron con correcci\u00f3n y esfuerzo, y con quienes, como clientes, nos brindaron especiales apoyo y confianza&#8221;<\/em> <\/p><cite>remarc\u00f3 Marcelo.<\/cite><\/blockquote><\/figure>\n\n\n\n<p>En los pr\u00f3ximos d\u00edas informar\u00e1n direcci\u00f3n y contacto de la firma que los reemplazar\u00e1 como concesionario Stihl. Tambi\u00e9n brindar\u00e1n referencias para que puedan seguir consiguiendo maderas y elementos de ferreter\u00eda de marcas o sub rubros que los han caracterizado. Ante dudas y consultas, sus clientes pueden comunicarse a los n\u00fameros de tel\u00e9fono 3576 652313 \u00f3 3576 650303.<\/p>\n","protected":false},"excerpt":{"rendered":"<p>As\u00ed lo anunci\u00f3 el titular del hist\u00f3rico corral\u00f3n, a trav\u00e9s de las redes sociales. El contador explic\u00f3 que el cese&hellip;<\/p>\n","protected":false},"author":3,"featured_media":15158,"comment_status":"closed","ping_status":"open","sticky":false,"template":"","format":"standard","meta":{"footnotes":""},"categories":[996],"tags":[66,67,836,1362,217,1364,1363,572],"class_list":["post-15156","post","type-post","status-publish","format-standard","has-post-thumbnail","hentry","category-comercio","tag-arroyito","tag-arroyito-cordoba","tag-arroyito-online","tag-cierre","tag-comercio","tag-exposito","tag-negocio","tag-noticias-de-arroyito-y-zona"],"_links":{"self":[{"href":"https:\/\/arroyitoonline.com.ar\/index.php?rest_route=\/wp\/v2\/posts\/15156","targetHints":{"allow":["GET"]}}],"collection":[{"href":"https:\/\/arroyitoonline.com.ar\/index.php?rest_route=\/wp\/v2\/posts"}],"about":[{"href":"https:\/\/arroyitoonline.com.ar\/index.php?rest_route=\/wp\/v2\/types\/post"}],"author":[{"embeddable":true,"href":"https:\/\/arroyitoonline.com.ar\/index.php?rest_route=\/wp\/v2\/users\/3"}],"replies":[{"embeddable":true,"href":"https:\/\/arroyitoonline.com.ar\/index.php?rest_route=%2Fwp%2Fv2%2Fcomments&post=15156"}],"version-history":[{"count":2,"href":"https:\/\/arroyitoonline.com.ar\/index.php?rest_route=\/wp\/v2\/posts\/15156\/revisions"}],"predecessor-version":[{"id":15159,"href":"https:\/\/arroyitoonline.com.ar\/index.php?rest_route=\/wp\/v2\/posts\/15156\/revisions\/15159"}],"wp:featuredmedia":[{"embeddable":true,"href":"https:\/\/arroyitoonline.com.ar\/index.php?rest_route=\/wp\/v2\/media\/15158"}],"wp:attachment":[{"href":"https:\/\/arroyitoonline.com.ar\/index.php?rest_route=%2Fwp%2Fv2%2Fmedia&parent=15156"}],"wp:term":[{"taxonomy":"category","embeddable":true,"href":"https:\/\/arroyitoonline.com.ar\/index.php?rest_route=%2Fwp%2Fv2%2Fcategories&post=15156"},{"taxonomy":"post_tag","embeddable":true,"href":"https:\/\/arroyitoonline.com.ar\/index.php?rest_route=%2Fwp%2Fv2%2Ftags&post=15156"}],"curies":[{"name":"wp","href":"https:\/\/api.w.org\/{rel}","templated":true}]}}