{"id":15168,"date":"2023-03-21T13:38:11","date_gmt":"2023-03-21T13:38:11","guid":{"rendered":"https:\/\/arroyitoonline.com.ar\/?p=15168"},"modified":"2023-03-21T13:38:18","modified_gmt":"2023-03-21T13:38:18","slug":"el-fuertecito-en-choque-frontal-fallecio-un-motociclista","status":"publish","type":"post","link":"https:\/\/arroyitoonline.com.ar\/?p=15168","title":{"rendered":"El Fuertecito: en choque frontal, falleci\u00f3 un motociclista"},"content":{"rendered":"\n<p><strong>Luego del impacto, los dos veh\u00edculos involucrados se incendiaron consumi\u00e9ndose en su totalidad.<\/strong><\/p>\n\n\n\n<p>El s\u00e1bado a la noche se produjo un siniestro vial fatal sobre la ruta 19. A las 20:20 horas, en el acceso oeste de la Estaci\u00f3n de servicio YPF de El Fuertecito, chocaron de frente una moto Voge 500 -conducida por un hombre de 64 a\u00f1os- y un Volkswagen Fox, que circulaba en sentido contrario, guiado por un hombre de 34 a\u00f1os que viajaba junto a su pareja y tres hijos menores.<\/p>\n\n\n\n<p>A ra\u00edz del impacto, perdi\u00f3 la vida el motociclista. Por su parte, los ocupantes del rodado mayor fueron asistidos por los servicios de emergencias y trasladados al Hospital Municipal Carlos J. Rodr\u00edguez, con lesiones a establecer. Luego de la colisi\u00f3n, ambos veh\u00edculos se incendiaron consumi\u00e9ndose en su totalidad.<\/p>\n\n\n\n<p>En el lugar, trabaj\u00f3 Polic\u00eda Judicial realizando las pericias correspondientes. Polic\u00eda Caminera cooper\u00f3 con la circulaci\u00f3n de la Ruta 19 desviando el tr\u00e1fico. Tambi\u00e9n trabajaron Bomberos Voluntarios de Arroyito y Seguridad Ciudadana de la Municipalidad. Tom\u00f3 intervenci\u00f3n en la causa, la Fiscal\u00eda de Instrucci\u00f3n local.<\/p>\n\n\n\n<p>Fuente: Comisar\u00eda Distrito Arroyito.<br>Foto: Asociaci\u00f3n Bomberos Voluntarios de Arroyito.<\/p>\n","protected":false},"excerpt":{"rendered":"<p>Luego del impacto, los dos veh\u00edculos involucrados se incendiaron consumi\u00e9ndose en su totalidad. El s\u00e1bado a la noche se produjo&hellip;<\/p>\n","protected":false},"author":3,"featured_media":15169,"comment_status":"closed","ping_status":"open","sticky":false,"template":"","format":"standard","meta":{"footnotes":""},"categories":[824],"tags":[22,66,67,836,315,435,572,635,637,638,825,737],"class_list":["post-15168","post","type-post","status-publish","format-standard","has-post-thumbnail","hentry","category-policiales-online","tag-accidente","tag-arroyito","tag-arroyito-cordoba","tag-arroyito-online","tag-el-fuertecito","tag-incendio","tag-noticias-de-arroyito-y-zona","tag-policia","tag-policiales","tag-policiales-arroyito","tag-policiales-online","tag-siniestro-vial"],"_links":{"self":[{"href":"https:\/\/arroyitoonline.com.ar\/index.php?rest_route=\/wp\/v2\/posts\/15168","targetHints":{"allow":["GET"]}}],"collection":[{"href":"https:\/\/arroyitoonline.com.ar\/index.php?rest_route=\/wp\/v2\/posts"}],"about":[{"href":"https:\/\/arroyitoonline.com.ar\/index.php?rest_route=\/wp\/v2\/types\/post"}],"author":[{"embeddable":true,"href":"https:\/\/arroyitoonline.com.ar\/index.php?rest_route=\/wp\/v2\/users\/3"}],"replies":[{"embeddable":true,"href":"https:\/\/arroyitoonline.com.ar\/index.php?rest_route=%2Fwp%2Fv2%2Fcomments&post=15168"}],"version-history":[{"count":1,"href":"https:\/\/arroyitoonline.com.ar\/index.php?rest_route=\/wp\/v2\/posts\/15168\/revisions"}],"predecessor-version":[{"id":15170,"href":"https:\/\/arroyitoonline.com.ar\/index.php?rest_route=\/wp\/v2\/posts\/15168\/revisions\/15170"}],"wp:featuredmedia":[{"embeddable":true,"href":"https:\/\/arroyitoonline.com.ar\/index.php?rest_route=\/wp\/v2\/media\/15169"}],"wp:attachment":[{"href":"https:\/\/arroyitoonline.com.ar\/index.php?rest_route=%2Fwp%2Fv2%2Fmedia&parent=15168"}],"wp:term":[{"taxonomy":"category","embeddable":true,"href":"https:\/\/arroyitoonline.com.ar\/index.php?rest_route=%2Fwp%2Fv2%2Fcategories&post=15168"},{"taxonomy":"post_tag","embeddable":true,"href":"https:\/\/arroyitoonline.com.ar\/index.php?rest_route=%2Fwp%2Fv2%2Ftags&post=15168"}],"curies":[{"name":"wp","href":"https:\/\/api.w.org\/{rel}","templated":true}]}}