{"id":15205,"date":"2023-04-12T01:20:50","date_gmt":"2023-04-12T01:20:50","guid":{"rendered":"https:\/\/arroyitoonline.com.ar\/?p=15205"},"modified":"2023-04-12T01:48:13","modified_gmt":"2023-04-12T01:48:13","slug":"sondeo-de-twitter-en-arroyito-casi-el-39-no-votaria-por-ningun-candidato-a-intendente","status":"publish","type":"post","link":"https:\/\/arroyitoonline.com.ar\/?p=15205","title":{"rendered":"Sondeo de Twitter en Arroyito: casi el 39% no votar\u00eda por ning\u00fan candidato a intendente"},"content":{"rendered":"\n<p><strong>El abogado Emanuel Acosta us\u00f3 la herramienta encuesta de la red social del pajarito y dijo que <em>&#8220;la gente est\u00e1 cansada de los mismos actores pol\u00edticos&#8221;<\/em>.<\/strong><\/p>\n\n\n\n<p>En los \u00faltimos d\u00edas,<strong> Emanuel Acosta<\/strong> (quien en la actualidad preside el Colegio de Abogados) realiz\u00f3 un sondeo electoral, vali\u00e9ndose de la herramienta encuesta de la red social <strong>Twitter<\/strong>. El letrado consult\u00f3 a sus seguidores -de manera an\u00f3nima- por qui\u00e9n votar\u00edan <em>&#8220;si las elecciones fueran este fin de semana&#8221;<\/em>. El resultado fue contundente a favor de <em>&#8220;ninguno&#8221;<\/em>. <\/p>\n\n\n\n<p>Si bien los 210 votos obtenidos s\u00f3lo representan el 1% de un padr\u00f3n que cuenta con 22.000 ciudadanos, los porcentajes conllevan un an\u00e1lisis del panorama actual, de cara a los comicios locales. <\/p>\n\n\n\n<p>Entre las opciones disponibles aparec\u00edan los nombres de <strong>Gustavo Benedetti<\/strong>, <strong>Mauricio Cravero <\/strong>y <strong>Wilson Genesio<\/strong>. El m\u00e1s elegido fue el exprimer mandatario (2011-2015 y 2015-2019) y actual concejal del Radicalismo, con el 30,5%; en segundo lugar qued\u00f3 el actual intendente (2003-2007, 2007-2011 y 2019-2023), con el 26,7%; y, por \u00faltimo, aparece el edil del Vecinalismo Independiente por tercer per\u00edodo consecutivo (2011-2015, 2015-2019 y 2019-2023). <\/p>\n\n\n\n<figure class=\"wp-block-embed aligncenter is-type-rich is-provider-twitter wp-block-embed-twitter\"><div class=\"wp-block-embed__wrapper\">\n<blockquote class=\"twitter-tweet\" data-width=\"550\" data-dnt=\"true\"><p lang=\"es\" dir=\"ltr\"><a href=\"https:\/\/twitter.com\/hashtag\/Elecciones2023?src=hash&amp;ref_src=twsrc%5Etfw\">#Elecciones2023<\/a><br>Encuesta, Arroyito (Cba)<br>Si las elecciones fueran este fin de semana, usted votar\u00eda a:<\/p>&mdash; Emanuel Acosta (@EmAlejAcosta) <a href=\"https:\/\/twitter.com\/EmAlejAcosta\/status\/1640750316122415105?ref_src=twsrc%5Etfw\">March 28, 2023<\/a><\/blockquote><script async src=\"https:\/\/platform.twitter.com\/widgets.js\" charset=\"utf-8\"><\/script>\n<\/div><figcaption class=\"wp-element-caption\"><em>El sondeo de opini\u00f3n del abogado Emanuel Acosta cont\u00f3 con 210 participantes.<\/em><\/figcaption><\/figure>\n\n\n\n<p><strong>La lectura de Acosta<\/strong><\/p>\n\n\n\n<p>Al ser consultado por <strong>Arroyito Online<\/strong>, Emanuel Acosta explic\u00f3 que formul\u00f3 la encuesta <em>&#8220;s\u00f3lo a los fines de conocer la realidad pol\u00edtica y la opini\u00f3n de los vecinos, con los candidatos que directa e indirectamente han manifestado su intenci\u00f3n&#8221;<\/em>. <\/p>\n\n\n\n<p>Tambi\u00e9n coment\u00f3 que, de los resultados, pueden inferirse varias cosas: <em>&#8220;que la gente est\u00e1 cansada de los mismos actores pol\u00edticos. En cierta medida, el `ninguno\u00b4 podr\u00eda favorecer a la aparici\u00f3n de un nuevo\/a candidato o candidata que rompa con esta hegemon\u00eda de los `mismos de siempre\u00b4&#8221;<\/em>.<\/p>\n\n\n\n<p>En la misma l\u00ednea, Acosta opin\u00f3 que <em>&#8220;hace 20 a\u00f1os que hemos sido y somos gobernados por los mismos (Benedetti y Cravero) y la democratizaci\u00f3n de los partidos locales ha fallado, ya que no han sabido generar nuevos dirigentes&#8221;<\/em>, a lo largo de las \u00faltimas dos d\u00e9cadas.<\/p>\n\n\n\n<p>Y agreg\u00f3 que <em>&#8220;la falta de renovaci\u00f3n sigue siendo una materia pendiente de la pol\u00edtica local, que genera en la sociedad, sobre todo en los j\u00f3venes, una indiferencia y rechazo en la forma de hacer pol\u00edtica actual de la ciudad. Esto queda evidenciado en que, en los \u00faltimos gobiernos municipales, se siguen viendo las mismas caras desde la vuelta de la democracia (1983)&#8221;<\/em>.<\/p>\n\n\n\n<p>Adem\u00e1s, sostuvo que la sociedad va a participar de las elecciones, como siempre lo ha hecho pero, en principio,<em> &#8220;hay un gran sector de la sociedad que no va a saber a quien votar&#8221;<\/em>.<\/p>\n\n\n\n<p>Por \u00faltimo, remarc\u00f3 que <em>&#8220;No solo se trata de poner gente nueva en cargos, sino de darles protagonismo en la toma de decisiones. La responsabilidad de esta situaci\u00f3n no est\u00e1 en la gente que no quiere participar; sino en los actuales dirigentes, que no han sabido tener la humildad de dar un paso al costado, generar nuevos dirigentes y darles la confianza y el apoyo para construir una nueva forma de hacer pol\u00edtica&#8221;<\/em>.<\/p>\n","protected":false},"excerpt":{"rendered":"<p>El abogado Emanuel Acosta us\u00f3 la herramienta encuesta de la red social del pajarito y dijo que &#8220;la gente est\u00e1&hellip;<\/p>\n","protected":false},"author":3,"featured_media":15212,"comment_status":"closed","ping_status":"open","sticky":false,"template":"","format":"standard","meta":{"footnotes":""},"categories":[8],"tags":[66,67,836,1383,329,1001,1102,572,586,640,676],"class_list":["post-15205","post","type-post","status-publish","format-standard","has-post-thumbnail","hentry","category-politica","tag-arroyito","tag-arroyito-cordoba","tag-arroyito-online","tag-candidatos","tag-encuesta","tag-encuestas","tag-gobierno-municipal","tag-noticias-de-arroyito-y-zona","tag-opinion","tag-politica","tag-redes-sociales"],"_links":{"self":[{"href":"https:\/\/arroyitoonline.com.ar\/index.php?rest_route=\/wp\/v2\/posts\/15205","targetHints":{"allow":["GET"]}}],"collection":[{"href":"https:\/\/arroyitoonline.com.ar\/index.php?rest_route=\/wp\/v2\/posts"}],"about":[{"href":"https:\/\/arroyitoonline.com.ar\/index.php?rest_route=\/wp\/v2\/types\/post"}],"author":[{"embeddable":true,"href":"https:\/\/arroyitoonline.com.ar\/index.php?rest_route=\/wp\/v2\/users\/3"}],"replies":[{"embeddable":true,"href":"https:\/\/arroyitoonline.com.ar\/index.php?rest_route=%2Fwp%2Fv2%2Fcomments&post=15205"}],"version-history":[{"count":3,"href":"https:\/\/arroyitoonline.com.ar\/index.php?rest_route=\/wp\/v2\/posts\/15205\/revisions"}],"predecessor-version":[{"id":15211,"href":"https:\/\/arroyitoonline.com.ar\/index.php?rest_route=\/wp\/v2\/posts\/15205\/revisions\/15211"}],"wp:featuredmedia":[{"embeddable":true,"href":"https:\/\/arroyitoonline.com.ar\/index.php?rest_route=\/wp\/v2\/media\/15212"}],"wp:attachment":[{"href":"https:\/\/arroyitoonline.com.ar\/index.php?rest_route=%2Fwp%2Fv2%2Fmedia&parent=15205"}],"wp:term":[{"taxonomy":"category","embeddable":true,"href":"https:\/\/arroyitoonline.com.ar\/index.php?rest_route=%2Fwp%2Fv2%2Fcategories&post=15205"},{"taxonomy":"post_tag","embeddable":true,"href":"https:\/\/arroyitoonline.com.ar\/index.php?rest_route=%2Fwp%2Fv2%2Ftags&post=15205"}],"curies":[{"name":"wp","href":"https:\/\/api.w.org\/{rel}","templated":true}]}}