{"id":15262,"date":"2023-05-07T22:04:25","date_gmt":"2023-05-07T22:04:25","guid":{"rendered":"https:\/\/arroyitoonline.com.ar\/?p=15262"},"modified":"2023-05-07T22:04:26","modified_gmt":"2023-05-07T22:04:26","slug":"benedetti-cravero-y-sileone-competiran-por-la-intendencia-de-arroyito-el-25-de-junio","status":"publish","type":"post","link":"https:\/\/arroyitoonline.com.ar\/?p=15262","title":{"rendered":"Benedetti, Cravero y Sileone competir\u00e1n por la intendencia de Arroyito, el 25 de junio"},"content":{"rendered":"\n<p><strong>El intendente repite f\u00f3rmula con Mar\u00eda Jos\u00e9 Esp\u00f3sito. Por su parte, el actual concejal va con Edith Brav\u00edn y el exedil con M\u00f3nica S\u00e1nchez de Pagani. <\/strong><\/p>\n\n\n\n<p>Aunque sin informaci\u00f3n oficial hasta el momento, Arroyito Online pudo saber que fueron tres las listas presentadas (el plazo venc\u00eda el s\u00e1bado 6 de mayo, a las 24:00 horas) en la Junta Electoral Municipal, que competir\u00e1n el domingo 25 de junio, por los cargos electivos a nivel local.<\/p>\n\n\n\n<p>Los candidatos a intendente y viceintendente son: Gustavo Benedetti, que repite f\u00f3rmula con Mar\u00eda Jos\u00e9 Esp\u00f3sito, Mauricio Cravero junto a Edith Brav\u00edn y el binomio Juan Jos\u00e9 Sileone\u2013M\u00f3nica S\u00e1nchez de Pagani.<\/p>\n\n\n\n<p>Adem\u00e1s, los vecinos de Arroyito optar\u00e1n por nueve concejales titulares y nueve suplentes, tres miembros titulares del Tribunal de Cuentas (un presidente y dos vocales) y tres suplentes. Por lo que, cada lista, nuclea a 26 nombres en total.<\/p>\n\n\n\n<p><strong>Informaci\u00f3n extraoficial y algunas sorpresas<\/strong><\/p>\n\n\n\n<p>La lista oficialista, que lleva a la cabeza a <strong>Benedetti y Esp\u00f3sito<\/strong>, ir\u00e1 en la misma fila de la Boleta \u00danica de Sufragio (BUS) que los candidatos a gobernador y vice, Mart\u00edn Llaryora\u2013Miryan Prunotto. La alianza provincial<strong> Hacemos Unidos por C\u00f3rdoba <\/strong>ampli\u00f3 sus horizontes, a trav\u00e9s de una f\u00f3rmula mixta que tiene al peronista de San Justo junto a la principal referente de Radicales Aut\u00e9nticos.<\/p>\n\n\n\n<p>Con Benedetti y Esp\u00f3sito, hay otros nombres que vuelven a aparecer: Federico Parmigiani; Claudia Oberto; Alejandra D\u00edaz; Anal\u00eda Daperno; Jaquelina Ver\u00f3n; la directora de Deportes, Alejandra Parrucci; el director M\u00e9dico del hospital municipal, Andr\u00e9s Cers\u00f3simo, y el contador Emiliano Costanzo. Entre las incorporaciones aparecen algunas sorpresas: el pastor de la Iglesia Evang\u00e9lica El Tabern\u00e1culo, Franco Vassallo; la docente jubilada Silvana Cecc\u00f3n y el artista Gato \u00c1rtico. Tambi\u00e9n Mat\u00edas Bazzi, Lidia Mart\u00ednez (hoy concejala del Radicalismo), Zoraya Picchottino, Gerardo Tototo Rossi, Susana Lorano y el joven Mat\u00edas Dobarro.<\/p>\n\n\n\n<p>Por su parte, el hoy concejal<strong> Mauricio Cravero<\/strong> y su compa\u00f1era de f\u00f3rmula, la empleada municipal <strong>Edith Brav\u00edn<\/strong>, ir\u00e1n en la misma fila de la BUS que Luis Juez (titular del Frente C\u00edvico)\u2013Marcos Carasso (presidente de la UCR C\u00f3rdoba), del combinado opositor <strong>Juntos por el Cambio<\/strong>.<\/p>\n\n\n\n<p>El exintendente por dos per\u00edodos propone algunas novedades entre los primeros nombres de su lista: la escribana Mar\u00eda Fernanda Cort\u00e9s de Casco; el secretario General de STIA Arroyito, Hern\u00e1n Boero; la referente local de la Juventud PRO, Roc\u00edo Piovano; la consejera de AMA, Romina Pintucci. Adem\u00e1s, est\u00e1n Lucas Careto, Leonardo Miretti, Michel Mago, Juliana Mendoza y el excandidato a intendente en 2019, Cacho Maldini, entre otros.<\/p>\n\n\n\n<p>En cuanto al exedil del Vecinalismo Independiente,<strong> Juan Jos\u00e9 Sileone<\/strong>, ir\u00e1 junto <strong>M\u00f3nica S\u00e1nchez<\/strong>, la esposa de Hugo Pagani, exmiembro del Tribunal de Cuentas por el mismo partido pol\u00edtico. En esta oportunidad, Sileone estar\u00e1 en la misma fila de la BUS que Aurelio Garc\u00eda Elorrio\u2013Mar\u00eda Rosa Marcone, por <strong>Encuentro Vecinal C\u00f3rdoba<\/strong>.<\/p>\n","protected":false},"excerpt":{"rendered":"<p>El intendente repite f\u00f3rmula con Mar\u00eda Jos\u00e9 Esp\u00f3sito. Por su parte, el actual concejal va con Edith Brav\u00edn y el&hellip;<\/p>\n","protected":false},"author":3,"featured_media":15263,"comment_status":"closed","ping_status":"open","sticky":false,"template":"","format":"standard","meta":{"footnotes":""},"categories":[8],"tags":[66,67,836,318,1102,555,556,572,640],"class_list":["post-15262","post","type-post","status-publish","format-standard","has-post-thumbnail","hentry","category-politica","tag-arroyito","tag-arroyito-cordoba","tag-arroyito-online","tag-elecciones","tag-gobierno-municipal","tag-municipalidad","tag-municipalidad-de-arroyito","tag-noticias-de-arroyito-y-zona","tag-politica"],"_links":{"self":[{"href":"https:\/\/arroyitoonline.com.ar\/index.php?rest_route=\/wp\/v2\/posts\/15262","targetHints":{"allow":["GET"]}}],"collection":[{"href":"https:\/\/arroyitoonline.com.ar\/index.php?rest_route=\/wp\/v2\/posts"}],"about":[{"href":"https:\/\/arroyitoonline.com.ar\/index.php?rest_route=\/wp\/v2\/types\/post"}],"author":[{"embeddable":true,"href":"https:\/\/arroyitoonline.com.ar\/index.php?rest_route=\/wp\/v2\/users\/3"}],"replies":[{"embeddable":true,"href":"https:\/\/arroyitoonline.com.ar\/index.php?rest_route=%2Fwp%2Fv2%2Fcomments&post=15262"}],"version-history":[{"count":2,"href":"https:\/\/arroyitoonline.com.ar\/index.php?rest_route=\/wp\/v2\/posts\/15262\/revisions"}],"predecessor-version":[{"id":15265,"href":"https:\/\/arroyitoonline.com.ar\/index.php?rest_route=\/wp\/v2\/posts\/15262\/revisions\/15265"}],"wp:featuredmedia":[{"embeddable":true,"href":"https:\/\/arroyitoonline.com.ar\/index.php?rest_route=\/wp\/v2\/media\/15263"}],"wp:attachment":[{"href":"https:\/\/arroyitoonline.com.ar\/index.php?rest_route=%2Fwp%2Fv2%2Fmedia&parent=15262"}],"wp:term":[{"taxonomy":"category","embeddable":true,"href":"https:\/\/arroyitoonline.com.ar\/index.php?rest_route=%2Fwp%2Fv2%2Fcategories&post=15262"},{"taxonomy":"post_tag","embeddable":true,"href":"https:\/\/arroyitoonline.com.ar\/index.php?rest_route=%2Fwp%2Fv2%2Ftags&post=15262"}],"curies":[{"name":"wp","href":"https:\/\/api.w.org\/{rel}","templated":true}]}}