{"id":15289,"date":"2023-05-31T13:12:08","date_gmt":"2023-05-31T13:12:08","guid":{"rendered":"https:\/\/arroyitoonline.com.ar\/?p=15289"},"modified":"2023-05-31T13:12:08","modified_gmt":"2023-05-31T13:12:08","slug":"la-policia-aprehendio-a-dos-menores-de-15-anos-que-escondian-la-replica-de-un-arma-de-fuego-y-secuestro-una-bicicleta-robada","status":"publish","type":"post","link":"https:\/\/arroyitoonline.com.ar\/?p=15289","title":{"rendered":"La Polic\u00eda aprehendi\u00f3 a dos menores de 15 a\u00f1os que escond\u00edan la r\u00e9plica de un arma de fuego y secuestr\u00f3 una bicicleta robada"},"content":{"rendered":"\n<p><strong>Ocurri\u00f3 el domingo a la ma\u00f1ana en la Plaza Jos\u00e9 Ignacio Urqu\u00eda. Luego, el Juzgado de Menores determin\u00f3 que sean entregados a sus progenitores.<\/strong><\/p>\n\n\n\n<p>El domingo a la ma\u00f1ana a las 6:10, personal policial control\u00f3 a dos j\u00f3venes en Plaza Jos\u00e9 Ignacio Urqu\u00eda (Osvaldo Navarro y 24 de Septiembre).<\/p>\n\n\n\n<p>En ese momento, uno de ellos se dio a la fuga, pero la Polic\u00eda logr\u00f3 darle alcance. Cuando se le realiz\u00f3 la inspecci\u00f3n, extrajeron del interior de su prendas, una r\u00e9plica de arma de fuego. Los dos adolescentes de 15 a\u00f1os fueron aprehendidos y trasladados a la Comisar\u00eda secuestrando la r\u00e9plica del arma.<\/p>\n\n\n\n<figure class=\"wp-block-image size-large\"><img loading=\"lazy\" decoding=\"async\" width=\"1024\" height=\"768\" src=\"https:\/\/arroyitoonline.com.ar\/wp-content\/uploads\/2023\/05\/bicicleta-robada-1024x768.jpg\" alt=\"\" class=\"wp-image-15290\" srcset=\"https:\/\/arroyitoonline.com.ar\/wp-content\/uploads\/2023\/05\/bicicleta-robada-1024x768.jpg 1024w, https:\/\/arroyitoonline.com.ar\/wp-content\/uploads\/2023\/05\/bicicleta-robada-300x225.jpg 300w, https:\/\/arroyitoonline.com.ar\/wp-content\/uploads\/2023\/05\/bicicleta-robada-768x576.jpg 768w, https:\/\/arroyitoonline.com.ar\/wp-content\/uploads\/2023\/05\/bicicleta-robada.jpg 1280w\" sizes=\"auto, (max-width: 1024px) 100vw, 1024px\" \/><\/figure>\n\n\n\n<p>A las 8:45, en el marco de este hecho, constataron que a metros del lugar de la detenci\u00f3n de los menores hab\u00eda una bicicleta Marca SLP rodado 24 la cual, en horas de la madrugada, hab\u00eda sido sustra\u00edda a un hombre de 50 a\u00f1os del pasillo de su casa de Esqui\u00fa N\u00b0 1000. La Polic\u00eda procedi\u00f3 al secuestro del rodado. El Juzgado de Menores determin\u00f3 que los j\u00f3venes fueran entregados a sus progenitores.<\/p>\n\n\n\n<p>Fuente: secci\u00f3n Prensa UR Departamental San Justo.<\/p>\n","protected":false},"excerpt":{"rendered":"<p>Ocurri\u00f3 el domingo a la ma\u00f1ana en la Plaza Jos\u00e9 Ignacio Urqu\u00eda. Luego, el Juzgado de Menores determin\u00f3 que sean&hellip;<\/p>\n","protected":false},"author":3,"featured_media":15291,"comment_status":"closed","ping_status":"open","sticky":false,"template":"","format":"standard","meta":{"footnotes":""},"categories":[824],"tags":[61,66,67,836,572,635,637,825,693],"class_list":["post-15289","post","type-post","status-publish","format-standard","has-post-thumbnail","hentry","category-policiales-online","tag-armas","tag-arroyito","tag-arroyito-cordoba","tag-arroyito-online","tag-noticias-de-arroyito-y-zona","tag-policia","tag-policiales","tag-policiales-online","tag-robo"],"_links":{"self":[{"href":"https:\/\/arroyitoonline.com.ar\/index.php?rest_route=\/wp\/v2\/posts\/15289","targetHints":{"allow":["GET"]}}],"collection":[{"href":"https:\/\/arroyitoonline.com.ar\/index.php?rest_route=\/wp\/v2\/posts"}],"about":[{"href":"https:\/\/arroyitoonline.com.ar\/index.php?rest_route=\/wp\/v2\/types\/post"}],"author":[{"embeddable":true,"href":"https:\/\/arroyitoonline.com.ar\/index.php?rest_route=\/wp\/v2\/users\/3"}],"replies":[{"embeddable":true,"href":"https:\/\/arroyitoonline.com.ar\/index.php?rest_route=%2Fwp%2Fv2%2Fcomments&post=15289"}],"version-history":[{"count":1,"href":"https:\/\/arroyitoonline.com.ar\/index.php?rest_route=\/wp\/v2\/posts\/15289\/revisions"}],"predecessor-version":[{"id":15292,"href":"https:\/\/arroyitoonline.com.ar\/index.php?rest_route=\/wp\/v2\/posts\/15289\/revisions\/15292"}],"wp:featuredmedia":[{"embeddable":true,"href":"https:\/\/arroyitoonline.com.ar\/index.php?rest_route=\/wp\/v2\/media\/15291"}],"wp:attachment":[{"href":"https:\/\/arroyitoonline.com.ar\/index.php?rest_route=%2Fwp%2Fv2%2Fmedia&parent=15289"}],"wp:term":[{"taxonomy":"category","embeddable":true,"href":"https:\/\/arroyitoonline.com.ar\/index.php?rest_route=%2Fwp%2Fv2%2Fcategories&post=15289"},{"taxonomy":"post_tag","embeddable":true,"href":"https:\/\/arroyitoonline.com.ar\/index.php?rest_route=%2Fwp%2Fv2%2Ftags&post=15289"}],"curies":[{"name":"wp","href":"https:\/\/api.w.org\/{rel}","templated":true}]}}